{"id":2443,"date":"2025-03-27T17:21:20","date_gmt":"2025-03-27T17:21:20","guid":{"rendered":"https:\/\/chambrealfa.com\/?p=2443"},"modified":"2025-04-01T17:32:04","modified_gmt":"2025-04-01T17:32:04","slug":"presentacion-del-libro-mucho-mas-de-jean-pierre-doly","status":"publish","type":"post","link":"https:\/\/chambrealfa.com\/es\/presentacion-del-libro-mucho-mas-de-jean-pierre-doly\/","title":{"rendered":"Conferencia \u2013  La Casa de los Franceses"},"content":{"rendered":"<div  class='flex_column av-av_two_third-d846867a37b468541bc8830743d44203 av_two_third  avia-builder-el-0  el_before_av_one_third  avia-builder-el-first  first flex_column_div  '     ><p><div  class='avia-slideshow av-av_slideshow-f9d255c92924296e3c53552328bb20e2 avia-slideshow-no scaling av_slideshow avia-fade-slider  avia-builder-el-1  el_before_av_hr  avia-builder-el-first  av-slideshow-ui av-control-default av-slideshow-autoplay av-loop-endless av-loop-manual-endless av-default-height-applied avia-slideshow-1' data-slideshow-options=\"{&quot;animation&quot;:&quot;fade&quot;,&quot;autoplay&quot;:true,&quot;loop_autoplay&quot;:&quot;endless&quot;,&quot;interval&quot;:4,&quot;loop_manual&quot;:&quot;manual-endless&quot;,&quot;autoplay_stopper&quot;:false,&quot;noNavigation&quot;:false,&quot;bg_slider&quot;:false,&quot;keep_padding&quot;:false,&quot;hoverpause&quot;:false,&quot;show_slide_delay&quot;:0}\"  itemprop=\"image\" itemscope=\"itemscope\" itemtype=\"https:\/\/schema.org\/ImageObject\" ><ul class='avia-slideshow-inner ' style='padding-bottom: 133.33333333333%;'><li  class='avia-slideshow-slide av-av_slideshow-f9d255c92924296e3c53552328bb20e2__0  slide-1 slide-odd'><div data-rel='slideshow-1' class='avia-slide-wrap '   ><img decoding=\"async\" fetchpriority=\"high\" class=\"wp-image-2451 avia-img-lazy-loading-not-2451\"  src=\"https:\/\/chambrealfa.com\/wp-content\/uploads\/2025\/03\/1743452913128.jpg\" width=\"675\" height=\"900\" title='1743452913128' alt=''  itemprop=\"thumbnailUrl\" srcset=\"https:\/\/chambrealfa.com\/wp-content\/uploads\/2025\/03\/1743452913128.jpg 675w, https:\/\/chambrealfa.com\/wp-content\/uploads\/2025\/03\/1743452913128-225x300.jpg 225w, https:\/\/chambrealfa.com\/wp-content\/uploads\/2025\/03\/1743452913128-529x705.jpg 529w\" sizes=\"(max-width: 675px) 100vw, 675px\" \/><\/div><\/li><li  class='avia-slideshow-slide av-av_slideshow-f9d255c92924296e3c53552328bb20e2__1  slide-2 slide-even'><div data-rel='slideshow-1' class='avia-slide-wrap '   ><img decoding=\"async\" fetchpriority=\"high\" class=\"wp-image-2453 avia-img-lazy-loading-not-2453\"  src=\"https:\/\/chambrealfa.com\/wp-content\/uploads\/2025\/03\/1743452913330.jpg\" width=\"675\" height=\"900\" title='1743452913330' alt=''  itemprop=\"thumbnailUrl\" srcset=\"https:\/\/chambrealfa.com\/wp-content\/uploads\/2025\/03\/1743452913330.jpg 675w, https:\/\/chambrealfa.com\/wp-content\/uploads\/2025\/03\/1743452913330-225x300.jpg 225w, https:\/\/chambrealfa.com\/wp-content\/uploads\/2025\/03\/1743452913330-529x705.jpg 529w\" sizes=\"(max-width: 675px) 100vw, 675px\" \/><\/div><\/li><li  class='avia-slideshow-slide av-av_slideshow-f9d255c92924296e3c53552328bb20e2__2  slide-3 slide-odd'><div data-rel='slideshow-1' class='avia-slide-wrap '   ><img decoding=\"async\" fetchpriority=\"high\" class=\"wp-image-2459 avia-img-lazy-loading-not-2459\"  src=\"https:\/\/chambrealfa.com\/wp-content\/uploads\/2025\/03\/1743452913653.jpg\" width=\"675\" height=\"900\" title='1743452913653' alt=''  itemprop=\"thumbnailUrl\" srcset=\"https:\/\/chambrealfa.com\/wp-content\/uploads\/2025\/03\/1743452913653.jpg 675w, https:\/\/chambrealfa.com\/wp-content\/uploads\/2025\/03\/1743452913653-225x300.jpg 225w, https:\/\/chambrealfa.com\/wp-content\/uploads\/2025\/03\/1743452913653-529x705.jpg 529w\" sizes=\"(max-width: 675px) 100vw, 675px\" \/><\/div><\/li><li  class='avia-slideshow-slide av-av_slideshow-f9d255c92924296e3c53552328bb20e2__3  slide-4 slide-even'><div data-rel='slideshow-1' class='avia-slide-wrap '   ><img decoding=\"async\" fetchpriority=\"high\" class=\"wp-image-2455 avia-img-lazy-loading-not-2455\"  src=\"https:\/\/chambrealfa.com\/wp-content\/uploads\/2025\/03\/1743452913356.jpg\" width=\"675\" height=\"900\" title='1743452913356' alt=''  itemprop=\"thumbnailUrl\" srcset=\"https:\/\/chambrealfa.com\/wp-content\/uploads\/2025\/03\/1743452913356.jpg 675w, https:\/\/chambrealfa.com\/wp-content\/uploads\/2025\/03\/1743452913356-225x300.jpg 225w, https:\/\/chambrealfa.com\/wp-content\/uploads\/2025\/03\/1743452913356-529x705.jpg 529w\" sizes=\"(max-width: 675px) 100vw, 675px\" \/><\/div><\/li><li  class='avia-slideshow-slide av-av_slideshow-f9d255c92924296e3c53552328bb20e2__4  slide-5 slide-odd'><div data-rel='slideshow-1' class='avia-slide-wrap '   ><img decoding=\"async\" fetchpriority=\"high\" class=\"wp-image-2457 avia-img-lazy-loading-not-2457\"  src=\"https:\/\/chambrealfa.com\/wp-content\/uploads\/2025\/03\/1743452913601.jpg\" width=\"900\" height=\"675\" title='1743452913601' alt=''  itemprop=\"thumbnailUrl\" srcset=\"https:\/\/chambrealfa.com\/wp-content\/uploads\/2025\/03\/1743452913601.jpg 900w, https:\/\/chambrealfa.com\/wp-content\/uploads\/2025\/03\/1743452913601-300x225.jpg 300w, https:\/\/chambrealfa.com\/wp-content\/uploads\/2025\/03\/1743452913601-768x576.jpg 768w, https:\/\/chambrealfa.com\/wp-content\/uploads\/2025\/03\/1743452913601-705x529.jpg 705w\" sizes=\"(max-width: 900px) 100vw, 900px\" \/><\/div><\/li><li  class='avia-slideshow-slide av-av_slideshow-f9d255c92924296e3c53552328bb20e2__5  slide-6 slide-even'><div data-rel='slideshow-1' class='avia-slide-wrap '   ><img decoding=\"async\" fetchpriority=\"high\" class=\"wp-image-2461 avia-img-lazy-loading-not-2461\"  src=\"https:\/\/chambrealfa.com\/wp-content\/uploads\/2025\/03\/1743452913789.jpg\" width=\"900\" height=\"675\" title='1743452913789' alt=''  itemprop=\"thumbnailUrl\" srcset=\"https:\/\/chambrealfa.com\/wp-content\/uploads\/2025\/03\/1743452913789.jpg 900w, https:\/\/chambrealfa.com\/wp-content\/uploads\/2025\/03\/1743452913789-300x225.jpg 300w, https:\/\/chambrealfa.com\/wp-content\/uploads\/2025\/03\/1743452913789-768x576.jpg 768w, https:\/\/chambrealfa.com\/wp-content\/uploads\/2025\/03\/1743452913789-705x529.jpg 705w\" sizes=\"(max-width: 900px) 100vw, 900px\" \/><\/div><\/li><\/ul><div class='avia-slideshow-arrows avia-slideshow-controls' ><a href='#prev' class='prev-slide  avia-svg-icon avia-font-svg_entypo-fontello' data-av_svg_icon='left-open-big' data-av_iconset='svg_entypo-fontello' tabindex='-1' title=\"Anterior\"><svg version=\"1.1\" xmlns=\"http:\/\/www.w3.org\/2000\/svg\" width=\"15\" height=\"32\" viewBox=\"0 0 15 32\" preserveAspectRatio=\"xMidYMid meet\" aria-labelledby='av-svg-title-1' aria-describedby='av-svg-desc-1' role=\"graphics-symbol\" aria-hidden=\"true\">\n<title id='av-svg-title-1'>Anterior<\/title>\n<desc id='av-svg-desc-1'>Anterior<\/desc>\n<path d=\"M14.464 27.84q0.832 0.832 0 1.536-0.832 0.832-1.536 0l-12.544-12.608q-0.768-0.768 0-1.6l12.544-12.608q0.704-0.832 1.536 0 0.832 0.704 0 1.536l-11.456 11.904z\"><\/path>\n<\/svg><span class='avia_hidden_link_text'>Anterior<\/span><\/a><a href='#next' class='next-slide  avia-svg-icon avia-font-svg_entypo-fontello' data-av_svg_icon='right-open-big' data-av_iconset='svg_entypo-fontello' tabindex='-1' title=\"Posterior\"><svg version=\"1.1\" xmlns=\"http:\/\/www.w3.org\/2000\/svg\" width=\"15\" height=\"32\" viewBox=\"0 0 15 32\" preserveAspectRatio=\"xMidYMid meet\" aria-labelledby='av-svg-title-2' aria-describedby='av-svg-desc-2' role=\"graphics-symbol\" aria-hidden=\"true\">\n<title id='av-svg-title-2'>Posterior<\/title>\n<desc id='av-svg-desc-2'>Posterior<\/desc>\n<path d=\"M0.416 27.84l11.456-11.84-11.456-11.904q-0.832-0.832 0-1.536 0.832-0.832 1.536 0l12.544 12.608q0.768 0.832 0 1.6l-12.544 12.608q-0.704 0.832-1.536 0-0.832-0.704 0-1.536z\"><\/path>\n<\/svg><span class='avia_hidden_link_text'>Posterior<\/span><\/a><\/div><div class='avia-slideshow-dots avia-slideshow-controls'><a href='#1' class='goto-slide active' >1<\/a><a href='#2' class='goto-slide ' >2<\/a><a href='#3' class='goto-slide ' >3<\/a><a href='#4' class='goto-slide ' >4<\/a><a href='#5' class='goto-slide ' >5<\/a><a href='#6' class='goto-slide ' >6<\/a><\/div><\/div><br \/>\n\n<style type=\"text\/css\" data-created_by=\"avia_inline_auto\" id=\"style-css-av-av_hr-d2f5dddf2ec7117400bfc78d474105a4\">\n#top .hr.hr-invisible.av-av_hr-d2f5dddf2ec7117400bfc78d474105a4{\nheight:16px;\n}\n<\/style>\n<div  class='hr av-av_hr-d2f5dddf2ec7117400bfc78d474105a4 hr-invisible  avia-builder-el-2  el_after_av_slideshow  el_before_av_textblock '><span class='hr-inner '><span class=\"hr-inner-style\"><\/span><\/span><\/div><br \/>\n<section  class='av_textblock_section av-m8yrzb07-d9f67423e8e2115574630301c5ccd2ab '   itemscope=\"itemscope\" itemtype=\"https:\/\/schema.org\/BlogPosting\" itemprop=\"blogPost\" ><div class='avia_textblock'  itemprop=\"text\" ><p>C&#8217;est dans le cadre chaleureux de La Casa de los Franceses que Jean-Pierre Doly a pr\u00e9sent\u00e9 ce qu&#8217;il se pla\u00eet\u00a0\u00e0 baptiser son &#8220;carnet de voyage&#8221; en Argentine.<\/p>\n<p>L&#8217;arriv\u00e9e dans les ann\u00e9es 90 pour cr\u00e9er la filiale argentine de Danone le place face \u00e0 une r\u00e9alit\u00e9 suppos\u00e9ment nouvelle mais qui s&#8217;av\u00e8re somme toute assez &#8220;proche&#8221; des codes latino-europ\u00e9ens: tout est dans la nuance pour le manager entra\u00een\u00e9 qu&#8217;est Jean-Pierre qui explore, avec curiosit\u00e9, l&#8217;idiosyncrasie argentine en donnant \u00e0 certains concepts (asado,\u00a0mate,\u00a0truco,\u00a0tango) une port\u00e9e nouvelle.<\/p>\n<p>Le d\u00e9veloppement et le management quotidien\u00a0de la filiale auxquels s&#8217;ajoutent sa proximit\u00e9 avec le milieu du football argentin \u26bd lui font appr\u00e9cier la flexibilit\u00e9 des Argentins, leur agilit\u00e9 face aux impr\u00e9vus, leur go\u00fbt pour la nouveaut\u00e9, leur motivation pour apprendre&#8230; des salari\u00e9s, en somme, que les crises \u00e9conomiques r\u00e9currentes ont fa\u00e7onn\u00e9s et entra\u00een\u00e9s.<\/p>\n<p>Il s&#8217;ensuit un attachement particulier au pays avec lequel un fort lien demeure : sa participation \u00e0 une aventure vitivinicole \u00e0 Mendoza, Vignes des Andes, en est la traduction aboutie.<\/p>\n<\/div><\/section><\/p><\/div><div  class='flex_column av-av_one_third-337486787960716147ecfb4074cb91c6 av_one_third  avia-builder-el-4  el_after_av_two_third  avia-builder-el-last  flex_column_div  '     ><\/div><\/p>\n","protected":false},"excerpt":{"rendered":"<p>Le regard d&#8217;un investisseur amoureux de l&#8217;Argentine: pr\u00e9sentation de l\u2019ouvrage Mucho m\u00e1s de Jean-Pierre Doly.<\/p>\n","protected":false},"author":2,"featured_media":2438,"comment_status":"closed","ping_status":"closed","sticky":false,"template":"","format":"standard","meta":{"footnotes":""},"categories":[10],"tags":[],"class_list":["post-2443","post","type-post","status-publish","format-standard","has-post-thumbnail","hentry","category-actividades"],"yoast_head":"<!-- This site is optimized with the Yoast SEO plugin v27.1.1 - https:\/\/yoast.com\/product\/yoast-seo-wordpress\/ -->\n<title>Conferencia \u2013 La Casa de los Franceses - ALFA<\/title>\n<meta name=\"robots\" content=\"index, follow, max-snippet:-1, max-image-preview:large, max-video-preview:-1\" \/>\n<link rel=\"canonical\" href=\"https:\/\/chambrealfa.com\/es\/presentacion-del-libro-mucho-mas-de-jean-pierre-doly\/\" \/>\n<meta property=\"og:locale\" content=\"es_ES\" \/>\n<meta property=\"og:type\" content=\"article\" \/>\n<meta property=\"og:title\" content=\"Conferencia \u2013 La Casa de los Franceses - ALFA\" \/>\n<meta property=\"og:description\" content=\"Le regard d&#039;un investisseur amoureux de l&#039;Argentine: pr\u00e9sentation de l\u2019ouvrage Mucho m\u00e1s de Jean-Pierre Doly.\" \/>\n<meta property=\"og:url\" content=\"https:\/\/chambrealfa.com\/es\/presentacion-del-libro-mucho-mas-de-jean-pierre-doly\/\" \/>\n<meta property=\"og:site_name\" content=\"ALFA\" \/>\n<meta property=\"article:published_time\" content=\"2025-03-27T17:21:20+00:00\" \/>\n<meta property=\"article:modified_time\" content=\"2025-04-01T17:32:04+00:00\" \/>\n<meta property=\"og:image\" content=\"https:\/\/chambrealfa.com\/wp-content\/uploads\/2025\/03\/portada-Doly.jpg\" \/>\n\t<meta property=\"og:image:width\" content=\"400\" \/>\n\t<meta property=\"og:image:height\" content=\"400\" \/>\n\t<meta property=\"og:image:type\" content=\"image\/jpeg\" \/>\n<meta name=\"author\" content=\"Matias Mercado\" \/>\n<meta name=\"twitter:card\" content=\"summary_large_image\" \/>\n<meta name=\"twitter:label1\" content=\"Escrito por\" \/>\n\t<meta name=\"twitter:data1\" content=\"Matias Mercado\" \/>\n\t<meta name=\"twitter:label2\" content=\"Tiempo de lectura\" \/>\n\t<meta name=\"twitter:data2\" content=\"3 minutos\" \/>\n<script type=\"application\/ld+json\" class=\"yoast-schema-graph\">{\"@context\":\"https:\/\/schema.org\",\"@graph\":[{\"@type\":\"Article\",\"@id\":\"https:\/\/chambrealfa.com\/es\/presentacion-del-libro-mucho-mas-de-jean-pierre-doly\/#article\",\"isPartOf\":{\"@id\":\"https:\/\/chambrealfa.com\/es\/presentacion-del-libro-mucho-mas-de-jean-pierre-doly\/\"},\"author\":{\"name\":\"Matias Mercado\",\"@id\":\"https:\/\/chambrealfa.com\/es\/#\/schema\/person\/3b3e2b7a3b07e7a35ab7aa4ddcf4b5cf\"},\"headline\":\"Conferencia \u2013 La Casa de los Franceses\",\"datePublished\":\"2025-03-27T17:21:20+00:00\",\"dateModified\":\"2025-04-01T17:32:04+00:00\",\"mainEntityOfPage\":{\"@id\":\"https:\/\/chambrealfa.com\/es\/presentacion-del-libro-mucho-mas-de-jean-pierre-doly\/\"},\"wordCount\":1547,\"image\":{\"@id\":\"https:\/\/chambrealfa.com\/es\/presentacion-del-libro-mucho-mas-de-jean-pierre-doly\/#primaryimage\"},\"thumbnailUrl\":\"https:\/\/chambrealfa.com\/wp-content\/uploads\/2025\/03\/portada-Doly.jpg\",\"articleSection\":[\"Actividades\"],\"inLanguage\":\"es\"},{\"@type\":\"WebPage\",\"@id\":\"https:\/\/chambrealfa.com\/es\/presentacion-del-libro-mucho-mas-de-jean-pierre-doly\/\",\"url\":\"https:\/\/chambrealfa.com\/es\/presentacion-del-libro-mucho-mas-de-jean-pierre-doly\/\",\"name\":\"Conferencia \u2013 La Casa de los Franceses - ALFA\",\"isPartOf\":{\"@id\":\"https:\/\/chambrealfa.com\/es\/#website\"},\"primaryImageOfPage\":{\"@id\":\"https:\/\/chambrealfa.com\/es\/presentacion-del-libro-mucho-mas-de-jean-pierre-doly\/#primaryimage\"},\"image\":{\"@id\":\"https:\/\/chambrealfa.com\/es\/presentacion-del-libro-mucho-mas-de-jean-pierre-doly\/#primaryimage\"},\"thumbnailUrl\":\"https:\/\/chambrealfa.com\/wp-content\/uploads\/2025\/03\/portada-Doly.jpg\",\"datePublished\":\"2025-03-27T17:21:20+00:00\",\"dateModified\":\"2025-04-01T17:32:04+00:00\",\"author\":{\"@id\":\"https:\/\/chambrealfa.com\/es\/#\/schema\/person\/3b3e2b7a3b07e7a35ab7aa4ddcf4b5cf\"},\"breadcrumb\":{\"@id\":\"https:\/\/chambrealfa.com\/es\/presentacion-del-libro-mucho-mas-de-jean-pierre-doly\/#breadcrumb\"},\"inLanguage\":\"es\",\"potentialAction\":[{\"@type\":\"ReadAction\",\"target\":[\"https:\/\/chambrealfa.com\/es\/presentacion-del-libro-mucho-mas-de-jean-pierre-doly\/\"]}]},{\"@type\":\"ImageObject\",\"inLanguage\":\"es\",\"@id\":\"https:\/\/chambrealfa.com\/es\/presentacion-del-libro-mucho-mas-de-jean-pierre-doly\/#primaryimage\",\"url\":\"https:\/\/chambrealfa.com\/wp-content\/uploads\/2025\/03\/portada-Doly.jpg\",\"contentUrl\":\"https:\/\/chambrealfa.com\/wp-content\/uploads\/2025\/03\/portada-Doly.jpg\",\"width\":400,\"height\":400},{\"@type\":\"BreadcrumbList\",\"@id\":\"https:\/\/chambrealfa.com\/es\/presentacion-del-libro-mucho-mas-de-jean-pierre-doly\/#breadcrumb\",\"itemListElement\":[{\"@type\":\"ListItem\",\"position\":1,\"name\":\"Portada\",\"item\":\"https:\/\/chambrealfa.com\/es\/\"},{\"@type\":\"ListItem\",\"position\":2,\"name\":\"Conferencia \u2013 La Casa de los Franceses\"}]},{\"@type\":\"WebSite\",\"@id\":\"https:\/\/chambrealfa.com\/es\/#website\",\"url\":\"https:\/\/chambrealfa.com\/es\/\",\"name\":\"ALFA\",\"description\":\"Business Forum Argentine France\",\"potentialAction\":[{\"@type\":\"SearchAction\",\"target\":{\"@type\":\"EntryPoint\",\"urlTemplate\":\"https:\/\/chambrealfa.com\/es\/?s={search_term_string}\"},\"query-input\":{\"@type\":\"PropertyValueSpecification\",\"valueRequired\":true,\"valueName\":\"search_term_string\"}}],\"inLanguage\":\"es\"},{\"@type\":\"Person\",\"@id\":\"https:\/\/chambrealfa.com\/es\/#\/schema\/person\/3b3e2b7a3b07e7a35ab7aa4ddcf4b5cf\",\"name\":\"Matias Mercado\",\"image\":{\"@type\":\"ImageObject\",\"inLanguage\":\"es\",\"@id\":\"https:\/\/chambrealfa.com\/es\/#\/schema\/person\/image\/\",\"url\":\"https:\/\/secure.gravatar.com\/avatar\/1d0e4a0c7c20403ad4cb3ff150f61f881a44cf7b1a999513b197d29a9a66eb1d?s=96&d=mm&r=g\",\"contentUrl\":\"https:\/\/secure.gravatar.com\/avatar\/1d0e4a0c7c20403ad4cb3ff150f61f881a44cf7b1a999513b197d29a9a66eb1d?s=96&d=mm&r=g\",\"caption\":\"Matias Mercado\"},\"sameAs\":[\"https:\/\/www.cocoa.group\/fr\",\"https:\/\/www.linkedin.com\/in\/matias-mercado\"],\"url\":\"https:\/\/chambrealfa.com\/es\/author\/cocoagroup\/\"}]}<\/script>\n<!-- \/ Yoast SEO plugin. -->","yoast_head_json":{"title":"Conferencia \u2013 La Casa de los Franceses - ALFA","robots":{"index":"index","follow":"follow","max-snippet":"max-snippet:-1","max-image-preview":"max-image-preview:large","max-video-preview":"max-video-preview:-1"},"canonical":"https:\/\/chambrealfa.com\/es\/presentacion-del-libro-mucho-mas-de-jean-pierre-doly\/","og_locale":"es_ES","og_type":"article","og_title":"Conferencia \u2013 La Casa de los Franceses - ALFA","og_description":"Le regard d'un investisseur amoureux de l'Argentine: pr\u00e9sentation de l\u2019ouvrage Mucho m\u00e1s de Jean-Pierre Doly.","og_url":"https:\/\/chambrealfa.com\/es\/presentacion-del-libro-mucho-mas-de-jean-pierre-doly\/","og_site_name":"ALFA","article_published_time":"2025-03-27T17:21:20+00:00","article_modified_time":"2025-04-01T17:32:04+00:00","og_image":[{"width":400,"height":400,"url":"https:\/\/chambrealfa.com\/wp-content\/uploads\/2025\/03\/portada-Doly.jpg","type":"image\/jpeg"}],"author":"Matias Mercado","twitter_card":"summary_large_image","twitter_misc":{"Escrito por":"Matias Mercado","Tiempo de lectura":"3 minutos"},"schema":{"@context":"https:\/\/schema.org","@graph":[{"@type":"Article","@id":"https:\/\/chambrealfa.com\/es\/presentacion-del-libro-mucho-mas-de-jean-pierre-doly\/#article","isPartOf":{"@id":"https:\/\/chambrealfa.com\/es\/presentacion-del-libro-mucho-mas-de-jean-pierre-doly\/"},"author":{"name":"Matias Mercado","@id":"https:\/\/chambrealfa.com\/es\/#\/schema\/person\/3b3e2b7a3b07e7a35ab7aa4ddcf4b5cf"},"headline":"Conferencia \u2013 La Casa de los Franceses","datePublished":"2025-03-27T17:21:20+00:00","dateModified":"2025-04-01T17:32:04+00:00","mainEntityOfPage":{"@id":"https:\/\/chambrealfa.com\/es\/presentacion-del-libro-mucho-mas-de-jean-pierre-doly\/"},"wordCount":1547,"image":{"@id":"https:\/\/chambrealfa.com\/es\/presentacion-del-libro-mucho-mas-de-jean-pierre-doly\/#primaryimage"},"thumbnailUrl":"https:\/\/chambrealfa.com\/wp-content\/uploads\/2025\/03\/portada-Doly.jpg","articleSection":["Actividades"],"inLanguage":"es"},{"@type":"WebPage","@id":"https:\/\/chambrealfa.com\/es\/presentacion-del-libro-mucho-mas-de-jean-pierre-doly\/","url":"https:\/\/chambrealfa.com\/es\/presentacion-del-libro-mucho-mas-de-jean-pierre-doly\/","name":"Conferencia \u2013 La Casa de los Franceses - ALFA","isPartOf":{"@id":"https:\/\/chambrealfa.com\/es\/#website"},"primaryImageOfPage":{"@id":"https:\/\/chambrealfa.com\/es\/presentacion-del-libro-mucho-mas-de-jean-pierre-doly\/#primaryimage"},"image":{"@id":"https:\/\/chambrealfa.com\/es\/presentacion-del-libro-mucho-mas-de-jean-pierre-doly\/#primaryimage"},"thumbnailUrl":"https:\/\/chambrealfa.com\/wp-content\/uploads\/2025\/03\/portada-Doly.jpg","datePublished":"2025-03-27T17:21:20+00:00","dateModified":"2025-04-01T17:32:04+00:00","author":{"@id":"https:\/\/chambrealfa.com\/es\/#\/schema\/person\/3b3e2b7a3b07e7a35ab7aa4ddcf4b5cf"},"breadcrumb":{"@id":"https:\/\/chambrealfa.com\/es\/presentacion-del-libro-mucho-mas-de-jean-pierre-doly\/#breadcrumb"},"inLanguage":"es","potentialAction":[{"@type":"ReadAction","target":["https:\/\/chambrealfa.com\/es\/presentacion-del-libro-mucho-mas-de-jean-pierre-doly\/"]}]},{"@type":"ImageObject","inLanguage":"es","@id":"https:\/\/chambrealfa.com\/es\/presentacion-del-libro-mucho-mas-de-jean-pierre-doly\/#primaryimage","url":"https:\/\/chambrealfa.com\/wp-content\/uploads\/2025\/03\/portada-Doly.jpg","contentUrl":"https:\/\/chambrealfa.com\/wp-content\/uploads\/2025\/03\/portada-Doly.jpg","width":400,"height":400},{"@type":"BreadcrumbList","@id":"https:\/\/chambrealfa.com\/es\/presentacion-del-libro-mucho-mas-de-jean-pierre-doly\/#breadcrumb","itemListElement":[{"@type":"ListItem","position":1,"name":"Portada","item":"https:\/\/chambrealfa.com\/es\/"},{"@type":"ListItem","position":2,"name":"Conferencia \u2013 La Casa de los Franceses"}]},{"@type":"WebSite","@id":"https:\/\/chambrealfa.com\/es\/#website","url":"https:\/\/chambrealfa.com\/es\/","name":"ALFA","description":"Business Forum Argentine France","potentialAction":[{"@type":"SearchAction","target":{"@type":"EntryPoint","urlTemplate":"https:\/\/chambrealfa.com\/es\/?s={search_term_string}"},"query-input":{"@type":"PropertyValueSpecification","valueRequired":true,"valueName":"search_term_string"}}],"inLanguage":"es"},{"@type":"Person","@id":"https:\/\/chambrealfa.com\/es\/#\/schema\/person\/3b3e2b7a3b07e7a35ab7aa4ddcf4b5cf","name":"Matias Mercado","image":{"@type":"ImageObject","inLanguage":"es","@id":"https:\/\/chambrealfa.com\/es\/#\/schema\/person\/image\/","url":"https:\/\/secure.gravatar.com\/avatar\/1d0e4a0c7c20403ad4cb3ff150f61f881a44cf7b1a999513b197d29a9a66eb1d?s=96&d=mm&r=g","contentUrl":"https:\/\/secure.gravatar.com\/avatar\/1d0e4a0c7c20403ad4cb3ff150f61f881a44cf7b1a999513b197d29a9a66eb1d?s=96&d=mm&r=g","caption":"Matias Mercado"},"sameAs":["https:\/\/www.cocoa.group\/fr","https:\/\/www.linkedin.com\/in\/matias-mercado"],"url":"https:\/\/chambrealfa.com\/es\/author\/cocoagroup\/"}]}},"publishpress_future_action":{"enabled":false,"date":"2026-05-06 23:13:18","action":"change-status","newStatus":"draft","terms":[],"taxonomy":"category","extraData":[]},"publishpress_future_workflow_manual_trigger":{"enabledWorkflows":[]},"_links":{"self":[{"href":"https:\/\/chambrealfa.com\/es\/wp-json\/wp\/v2\/posts\/2443","targetHints":{"allow":["GET"]}}],"collection":[{"href":"https:\/\/chambrealfa.com\/es\/wp-json\/wp\/v2\/posts"}],"about":[{"href":"https:\/\/chambrealfa.com\/es\/wp-json\/wp\/v2\/types\/post"}],"author":[{"embeddable":true,"href":"https:\/\/chambrealfa.com\/es\/wp-json\/wp\/v2\/users\/2"}],"replies":[{"embeddable":true,"href":"https:\/\/chambrealfa.com\/es\/wp-json\/wp\/v2\/comments?post=2443"}],"version-history":[{"count":4,"href":"https:\/\/chambrealfa.com\/es\/wp-json\/wp\/v2\/posts\/2443\/revisions"}],"predecessor-version":[{"id":2446,"href":"https:\/\/chambrealfa.com\/es\/wp-json\/wp\/v2\/posts\/2443\/revisions\/2446"}],"wp:featuredmedia":[{"embeddable":true,"href":"https:\/\/chambrealfa.com\/es\/wp-json\/wp\/v2\/media\/2438"}],"wp:attachment":[{"href":"https:\/\/chambrealfa.com\/es\/wp-json\/wp\/v2\/media?parent=2443"}],"wp:term":[{"taxonomy":"category","embeddable":true,"href":"https:\/\/chambrealfa.com\/es\/wp-json\/wp\/v2\/categories?post=2443"},{"taxonomy":"post_tag","embeddable":true,"href":"https:\/\/chambrealfa.com\/es\/wp-json\/wp\/v2\/tags?post=2443"}],"curies":[{"name":"wp","href":"https:\/\/api.w.org\/{rel}","templated":true}]}}