{"id":2385,"date":"2024-12-02T13:36:02","date_gmt":"2024-12-02T13:36:02","guid":{"rendered":"https:\/\/chambrealfa.com\/?p=2385"},"modified":"2025-01-31T13:15:41","modified_gmt":"2025-01-31T13:15:41","slug":"evento-cercle-france-ameriques","status":"publish","type":"post","link":"https:\/\/chambrealfa.com\/es\/evento-cercle-france-ameriques\/","title":{"rendered":"Evento Cercle France-Am\u00e9riques"},"content":{"rendered":"<div  class='flex_column av-av_two_third-d846867a37b468541bc8830743d44203 av_two_third  avia-builder-el-0  el_before_av_one_third  avia-builder-el-first  first flex_column_div  '     ><div  class='avia-slideshow av-m6at1lwr-443fba3006f1f44d94ed858b50a4eb72 avia-slideshow-no scaling av_slideshow avia-fade-slider  avia-builder-el-1  avia-builder-el-no-sibling  av-slideshow-ui av-control-default av-slideshow-autoplay av-loop-endless av-loop-manual-endless av-default-height-applied avia-slideshow-1' data-slideshow-options=\"{&quot;animation&quot;:&quot;fade&quot;,&quot;autoplay&quot;:true,&quot;loop_autoplay&quot;:&quot;endless&quot;,&quot;interval&quot;:4,&quot;loop_manual&quot;:&quot;manual-endless&quot;,&quot;autoplay_stopper&quot;:false,&quot;noNavigation&quot;:false,&quot;bg_slider&quot;:false,&quot;keep_padding&quot;:false,&quot;hoverpause&quot;:false,&quot;show_slide_delay&quot;:0}\"  itemprop=\"image\" itemscope=\"itemscope\" itemtype=\"https:\/\/schema.org\/ImageObject\" ><ul class='avia-slideshow-inner ' style='padding-bottom: 66.666666666667%;'><li  class='avia-slideshow-slide av-m6at1lwr-443fba3006f1f44d94ed858b50a4eb72__0  slide-1 slide-odd'><div data-rel='slideshow-1' class='avia-slide-wrap '   ><img decoding=\"async\" fetchpriority=\"high\" class=\"wp-image-2373 avia-img-lazy-loading-not-2373\"  src=\"https:\/\/chambrealfa.com\/wp-content\/uploads\/2025\/01\/61A0178-1024x683-1.jpg\" width=\"900\" height=\"600\" title='61A0178-1024x683' alt=''  itemprop=\"thumbnailUrl\" srcset=\"https:\/\/chambrealfa.com\/wp-content\/uploads\/2025\/01\/61A0178-1024x683-1.jpg 900w, https:\/\/chambrealfa.com\/wp-content\/uploads\/2025\/01\/61A0178-1024x683-1-300x200.jpg 300w, https:\/\/chambrealfa.com\/wp-content\/uploads\/2025\/01\/61A0178-1024x683-1-768x512.jpg 768w, https:\/\/chambrealfa.com\/wp-content\/uploads\/2025\/01\/61A0178-1024x683-1-705x470.jpg 705w\" sizes=\"(max-width: 900px) 100vw, 900px\" \/><\/div><\/li><li  class='avia-slideshow-slide av-m6at1lwr-443fba3006f1f44d94ed858b50a4eb72__1  slide-2 slide-even'><div data-rel='slideshow-1' class='avia-slide-wrap '   ><img decoding=\"async\" fetchpriority=\"high\" class=\"wp-image-2375 avia-img-lazy-loading-not-2375\"  src=\"https:\/\/chambrealfa.com\/wp-content\/uploads\/2025\/01\/61A0333-1024x683-1.jpg\" width=\"900\" height=\"600\" title='61A0333-1024x683' alt=''  itemprop=\"thumbnailUrl\" srcset=\"https:\/\/chambrealfa.com\/wp-content\/uploads\/2025\/01\/61A0333-1024x683-1.jpg 900w, https:\/\/chambrealfa.com\/wp-content\/uploads\/2025\/01\/61A0333-1024x683-1-300x200.jpg 300w, https:\/\/chambrealfa.com\/wp-content\/uploads\/2025\/01\/61A0333-1024x683-1-768x512.jpg 768w, https:\/\/chambrealfa.com\/wp-content\/uploads\/2025\/01\/61A0333-1024x683-1-705x470.jpg 705w\" sizes=\"(max-width: 900px) 100vw, 900px\" \/><\/div><\/li><li  class='avia-slideshow-slide av-m6at1lwr-443fba3006f1f44d94ed858b50a4eb72__2  slide-3 slide-odd'><div data-rel='slideshow-1' class='avia-slide-wrap '   ><img decoding=\"async\" fetchpriority=\"high\" class=\"wp-image-2377 avia-img-lazy-loading-not-2377\"  src=\"https:\/\/chambrealfa.com\/wp-content\/uploads\/2025\/01\/61A0365-1024x683-1.jpg\" width=\"900\" height=\"600\" title='61A0365-1024x683' alt=''  itemprop=\"thumbnailUrl\" srcset=\"https:\/\/chambrealfa.com\/wp-content\/uploads\/2025\/01\/61A0365-1024x683-1.jpg 900w, https:\/\/chambrealfa.com\/wp-content\/uploads\/2025\/01\/61A0365-1024x683-1-300x200.jpg 300w, https:\/\/chambrealfa.com\/wp-content\/uploads\/2025\/01\/61A0365-1024x683-1-768x512.jpg 768w, https:\/\/chambrealfa.com\/wp-content\/uploads\/2025\/01\/61A0365-1024x683-1-705x470.jpg 705w\" sizes=\"(max-width: 900px) 100vw, 900px\" \/><\/div><\/li><li  class='avia-slideshow-slide av-m6at1lwr-443fba3006f1f44d94ed858b50a4eb72__3  slide-4 slide-even'><div data-rel='slideshow-1' class='avia-slide-wrap '   ><img decoding=\"async\" fetchpriority=\"high\" class=\"wp-image-2381 avia-img-lazy-loading-not-2381\"  src=\"https:\/\/chambrealfa.com\/wp-content\/uploads\/2025\/01\/61A0642-1024x683-1.jpg\" width=\"900\" height=\"600\" title='61A0642-1024x683' alt=''  itemprop=\"thumbnailUrl\" srcset=\"https:\/\/chambrealfa.com\/wp-content\/uploads\/2025\/01\/61A0642-1024x683-1.jpg 900w, https:\/\/chambrealfa.com\/wp-content\/uploads\/2025\/01\/61A0642-1024x683-1-300x200.jpg 300w, https:\/\/chambrealfa.com\/wp-content\/uploads\/2025\/01\/61A0642-1024x683-1-768x512.jpg 768w, https:\/\/chambrealfa.com\/wp-content\/uploads\/2025\/01\/61A0642-1024x683-1-705x470.jpg 705w\" sizes=\"(max-width: 900px) 100vw, 900px\" \/><\/div><\/li><li  class='avia-slideshow-slide av-m6at1lwr-443fba3006f1f44d94ed858b50a4eb72__4  slide-5 slide-odd'><div data-rel='slideshow-1' class='avia-slide-wrap '   ><img decoding=\"async\" fetchpriority=\"high\" class=\"wp-image-2379 avia-img-lazy-loading-not-2379\"  src=\"https:\/\/chambrealfa.com\/wp-content\/uploads\/2025\/01\/61A0630-683x1024-1.jpg\" width=\"600\" height=\"900\" title='61A0630-683x1024' alt=''  itemprop=\"thumbnailUrl\" srcset=\"https:\/\/chambrealfa.com\/wp-content\/uploads\/2025\/01\/61A0630-683x1024-1.jpg 600w, https:\/\/chambrealfa.com\/wp-content\/uploads\/2025\/01\/61A0630-683x1024-1-200x300.jpg 200w, https:\/\/chambrealfa.com\/wp-content\/uploads\/2025\/01\/61A0630-683x1024-1-470x705.jpg 470w\" sizes=\"(max-width: 600px) 100vw, 600px\" \/><\/div><\/li><\/ul><div class='avia-slideshow-arrows avia-slideshow-controls' ><a href='#prev' class='prev-slide  avia-svg-icon avia-font-svg_entypo-fontello' data-av_svg_icon='left-open-big' data-av_iconset='svg_entypo-fontello' tabindex='-1' title=\"Anterior\"><svg version=\"1.1\" xmlns=\"http:\/\/www.w3.org\/2000\/svg\" width=\"15\" height=\"32\" viewBox=\"0 0 15 32\" preserveAspectRatio=\"xMidYMid meet\" aria-labelledby='av-svg-title-1' aria-describedby='av-svg-desc-1' role=\"graphics-symbol\" aria-hidden=\"true\">\n<title id='av-svg-title-1'>Anterior<\/title>\n<desc id='av-svg-desc-1'>Anterior<\/desc>\n<path d=\"M14.464 27.84q0.832 0.832 0 1.536-0.832 0.832-1.536 0l-12.544-12.608q-0.768-0.768 0-1.6l12.544-12.608q0.704-0.832 1.536 0 0.832 0.704 0 1.536l-11.456 11.904z\"><\/path>\n<\/svg><span class='avia_hidden_link_text'>Anterior<\/span><\/a><a href='#next' class='next-slide  avia-svg-icon avia-font-svg_entypo-fontello' data-av_svg_icon='right-open-big' data-av_iconset='svg_entypo-fontello' tabindex='-1' title=\"Posterior\"><svg version=\"1.1\" xmlns=\"http:\/\/www.w3.org\/2000\/svg\" width=\"15\" height=\"32\" viewBox=\"0 0 15 32\" preserveAspectRatio=\"xMidYMid meet\" aria-labelledby='av-svg-title-2' aria-describedby='av-svg-desc-2' role=\"graphics-symbol\" aria-hidden=\"true\">\n<title id='av-svg-title-2'>Posterior<\/title>\n<desc id='av-svg-desc-2'>Posterior<\/desc>\n<path d=\"M0.416 27.84l11.456-11.84-11.456-11.904q-0.832-0.832 0-1.536 0.832-0.832 1.536 0l12.544 12.608q0.768 0.832 0 1.6l-12.544 12.608q-0.704 0.832-1.536 0-0.832-0.704 0-1.536z\"><\/path>\n<\/svg><span class='avia_hidden_link_text'>Posterior<\/span><\/a><\/div><div class='avia-slideshow-dots avia-slideshow-controls'><a href='#1' class='goto-slide active' >1<\/a><a href='#2' class='goto-slide ' >2<\/a><a href='#3' class='goto-slide ' >3<\/a><a href='#4' class='goto-slide ' >4<\/a><a href='#5' class='goto-slide ' >5<\/a><\/div><\/div><\/div><div  class='flex_column av-av_one_third-337486787960716147ecfb4074cb91c6 av_one_third  avia-builder-el-2  el_after_av_two_third  avia-builder-el-last  flex_column_div  '     ><\/div><\/p>\n","protected":false},"excerpt":{"rendered":"<p>L&#8217;Argentine sous Milei et le pari du lib\u00e9ralisme \u00e9conomique: la fin du socialisme d&#8217;Etat ?<\/p>\n","protected":false},"author":2,"featured_media":2398,"comment_status":"closed","ping_status":"closed","sticky":false,"template":"","format":"standard","meta":{"footnotes":""},"categories":[10],"tags":[],"class_list":["post-2385","post","type-post","status-publish","format-standard","has-post-thumbnail","hentry","category-actividades"],"yoast_head":"<!-- This site is optimized with the Yoast SEO plugin v27.1.1 - https:\/\/yoast.com\/product\/yoast-seo-wordpress\/ -->\n<title>Evento Cercle France-Am\u00e9riques - ALFA<\/title>\n<meta name=\"robots\" content=\"index, follow, max-snippet:-1, max-image-preview:large, max-video-preview:-1\" \/>\n<link rel=\"canonical\" href=\"https:\/\/chambrealfa.com\/es\/evento-cercle-france-ameriques\/\" \/>\n<meta property=\"og:locale\" content=\"es_ES\" \/>\n<meta property=\"og:type\" content=\"article\" \/>\n<meta property=\"og:title\" content=\"Evento Cercle France-Am\u00e9riques - ALFA\" \/>\n<meta property=\"og:description\" content=\"L&#039;Argentine sous Milei et le pari du lib\u00e9ralisme \u00e9conomique: la fin du socialisme d&#039;Etat ?\" \/>\n<meta property=\"og:url\" content=\"https:\/\/chambrealfa.com\/es\/evento-cercle-france-ameriques\/\" \/>\n<meta property=\"og:site_name\" content=\"ALFA\" \/>\n<meta property=\"article:published_time\" content=\"2024-12-02T13:36:02+00:00\" \/>\n<meta property=\"article:modified_time\" content=\"2025-01-31T13:15:41+00:00\" \/>\n<meta name=\"author\" content=\"Matias Mercado\" \/>\n<meta name=\"twitter:card\" content=\"summary_large_image\" \/>\n<meta name=\"twitter:label1\" content=\"Escrito por\" \/>\n\t<meta name=\"twitter:data1\" content=\"Matias Mercado\" \/>\n\t<meta name=\"twitter:label2\" content=\"Tiempo de lectura\" \/>\n\t<meta name=\"twitter:data2\" content=\"2 minutos\" \/>\n<script type=\"application\/ld+json\" class=\"yoast-schema-graph\">{\"@context\":\"https:\/\/schema.org\",\"@graph\":[{\"@type\":\"Article\",\"@id\":\"https:\/\/chambrealfa.com\/es\/evento-cercle-france-ameriques\/#article\",\"isPartOf\":{\"@id\":\"https:\/\/chambrealfa.com\/es\/evento-cercle-france-ameriques\/\"},\"author\":{\"name\":\"Matias Mercado\",\"@id\":\"https:\/\/chambrealfa.com\/es\/#\/schema\/person\/3b3e2b7a3b07e7a35ab7aa4ddcf4b5cf\"},\"headline\":\"Evento Cercle France-Am\u00e9riques\",\"datePublished\":\"2024-12-02T13:36:02+00:00\",\"dateModified\":\"2025-01-31T13:15:41+00:00\",\"mainEntityOfPage\":{\"@id\":\"https:\/\/chambrealfa.com\/es\/evento-cercle-france-ameriques\/\"},\"wordCount\":654,\"image\":{\"@id\":\"https:\/\/chambrealfa.com\/es\/evento-cercle-france-ameriques\/#primaryimage\"},\"thumbnailUrl\":\"https:\/\/chambrealfa.com\/wp-content\/uploads\/2025\/01\/portada-largentine.jpg\",\"articleSection\":[\"Actividades\"],\"inLanguage\":\"es\"},{\"@type\":\"WebPage\",\"@id\":\"https:\/\/chambrealfa.com\/es\/evento-cercle-france-ameriques\/\",\"url\":\"https:\/\/chambrealfa.com\/es\/evento-cercle-france-ameriques\/\",\"name\":\"Evento Cercle France-Am\u00e9riques - ALFA\",\"isPartOf\":{\"@id\":\"https:\/\/chambrealfa.com\/es\/#website\"},\"primaryImageOfPage\":{\"@id\":\"https:\/\/chambrealfa.com\/es\/evento-cercle-france-ameriques\/#primaryimage\"},\"image\":{\"@id\":\"https:\/\/chambrealfa.com\/es\/evento-cercle-france-ameriques\/#primaryimage\"},\"thumbnailUrl\":\"https:\/\/chambrealfa.com\/wp-content\/uploads\/2025\/01\/portada-largentine.jpg\",\"datePublished\":\"2024-12-02T13:36:02+00:00\",\"dateModified\":\"2025-01-31T13:15:41+00:00\",\"author\":{\"@id\":\"https:\/\/chambrealfa.com\/es\/#\/schema\/person\/3b3e2b7a3b07e7a35ab7aa4ddcf4b5cf\"},\"breadcrumb\":{\"@id\":\"https:\/\/chambrealfa.com\/es\/evento-cercle-france-ameriques\/#breadcrumb\"},\"inLanguage\":\"es\",\"potentialAction\":[{\"@type\":\"ReadAction\",\"target\":[\"https:\/\/chambrealfa.com\/es\/evento-cercle-france-ameriques\/\"]}]},{\"@type\":\"ImageObject\",\"inLanguage\":\"es\",\"@id\":\"https:\/\/chambrealfa.com\/es\/evento-cercle-france-ameriques\/#primaryimage\",\"url\":\"https:\/\/chambrealfa.com\/wp-content\/uploads\/2025\/01\/portada-largentine.jpg\",\"contentUrl\":\"https:\/\/chambrealfa.com\/wp-content\/uploads\/2025\/01\/portada-largentine.jpg\",\"width\":400,\"height\":400},{\"@type\":\"BreadcrumbList\",\"@id\":\"https:\/\/chambrealfa.com\/es\/evento-cercle-france-ameriques\/#breadcrumb\",\"itemListElement\":[{\"@type\":\"ListItem\",\"position\":1,\"name\":\"Portada\",\"item\":\"https:\/\/chambrealfa.com\/es\/\"},{\"@type\":\"ListItem\",\"position\":2,\"name\":\"Evento Cercle France-Am\u00e9riques\"}]},{\"@type\":\"WebSite\",\"@id\":\"https:\/\/chambrealfa.com\/es\/#website\",\"url\":\"https:\/\/chambrealfa.com\/es\/\",\"name\":\"ALFA\",\"description\":\"Business Forum Argentine France\",\"potentialAction\":[{\"@type\":\"SearchAction\",\"target\":{\"@type\":\"EntryPoint\",\"urlTemplate\":\"https:\/\/chambrealfa.com\/es\/?s={search_term_string}\"},\"query-input\":{\"@type\":\"PropertyValueSpecification\",\"valueRequired\":true,\"valueName\":\"search_term_string\"}}],\"inLanguage\":\"es\"},{\"@type\":\"Person\",\"@id\":\"https:\/\/chambrealfa.com\/es\/#\/schema\/person\/3b3e2b7a3b07e7a35ab7aa4ddcf4b5cf\",\"name\":\"Matias Mercado\",\"image\":{\"@type\":\"ImageObject\",\"inLanguage\":\"es\",\"@id\":\"https:\/\/chambrealfa.com\/es\/#\/schema\/person\/image\/\",\"url\":\"https:\/\/secure.gravatar.com\/avatar\/1d0e4a0c7c20403ad4cb3ff150f61f881a44cf7b1a999513b197d29a9a66eb1d?s=96&d=mm&r=g\",\"contentUrl\":\"https:\/\/secure.gravatar.com\/avatar\/1d0e4a0c7c20403ad4cb3ff150f61f881a44cf7b1a999513b197d29a9a66eb1d?s=96&d=mm&r=g\",\"caption\":\"Matias Mercado\"},\"sameAs\":[\"https:\/\/www.cocoa.group\/fr\",\"https:\/\/www.linkedin.com\/in\/matias-mercado\"],\"url\":\"https:\/\/chambrealfa.com\/es\/author\/cocoagroup\/\"}]}<\/script>\n<!-- \/ Yoast SEO plugin. -->","yoast_head_json":{"title":"Evento Cercle France-Am\u00e9riques - ALFA","robots":{"index":"index","follow":"follow","max-snippet":"max-snippet:-1","max-image-preview":"max-image-preview:large","max-video-preview":"max-video-preview:-1"},"canonical":"https:\/\/chambrealfa.com\/es\/evento-cercle-france-ameriques\/","og_locale":"es_ES","og_type":"article","og_title":"Evento Cercle France-Am\u00e9riques - ALFA","og_description":"L'Argentine sous Milei et le pari du lib\u00e9ralisme \u00e9conomique: la fin du socialisme d'Etat ?","og_url":"https:\/\/chambrealfa.com\/es\/evento-cercle-france-ameriques\/","og_site_name":"ALFA","article_published_time":"2024-12-02T13:36:02+00:00","article_modified_time":"2025-01-31T13:15:41+00:00","author":"Matias Mercado","twitter_card":"summary_large_image","twitter_misc":{"Escrito por":"Matias Mercado","Tiempo de lectura":"2 minutos"},"schema":{"@context":"https:\/\/schema.org","@graph":[{"@type":"Article","@id":"https:\/\/chambrealfa.com\/es\/evento-cercle-france-ameriques\/#article","isPartOf":{"@id":"https:\/\/chambrealfa.com\/es\/evento-cercle-france-ameriques\/"},"author":{"name":"Matias Mercado","@id":"https:\/\/chambrealfa.com\/es\/#\/schema\/person\/3b3e2b7a3b07e7a35ab7aa4ddcf4b5cf"},"headline":"Evento Cercle France-Am\u00e9riques","datePublished":"2024-12-02T13:36:02+00:00","dateModified":"2025-01-31T13:15:41+00:00","mainEntityOfPage":{"@id":"https:\/\/chambrealfa.com\/es\/evento-cercle-france-ameriques\/"},"wordCount":654,"image":{"@id":"https:\/\/chambrealfa.com\/es\/evento-cercle-france-ameriques\/#primaryimage"},"thumbnailUrl":"https:\/\/chambrealfa.com\/wp-content\/uploads\/2025\/01\/portada-largentine.jpg","articleSection":["Actividades"],"inLanguage":"es"},{"@type":"WebPage","@id":"https:\/\/chambrealfa.com\/es\/evento-cercle-france-ameriques\/","url":"https:\/\/chambrealfa.com\/es\/evento-cercle-france-ameriques\/","name":"Evento Cercle France-Am\u00e9riques - ALFA","isPartOf":{"@id":"https:\/\/chambrealfa.com\/es\/#website"},"primaryImageOfPage":{"@id":"https:\/\/chambrealfa.com\/es\/evento-cercle-france-ameriques\/#primaryimage"},"image":{"@id":"https:\/\/chambrealfa.com\/es\/evento-cercle-france-ameriques\/#primaryimage"},"thumbnailUrl":"https:\/\/chambrealfa.com\/wp-content\/uploads\/2025\/01\/portada-largentine.jpg","datePublished":"2024-12-02T13:36:02+00:00","dateModified":"2025-01-31T13:15:41+00:00","author":{"@id":"https:\/\/chambrealfa.com\/es\/#\/schema\/person\/3b3e2b7a3b07e7a35ab7aa4ddcf4b5cf"},"breadcrumb":{"@id":"https:\/\/chambrealfa.com\/es\/evento-cercle-france-ameriques\/#breadcrumb"},"inLanguage":"es","potentialAction":[{"@type":"ReadAction","target":["https:\/\/chambrealfa.com\/es\/evento-cercle-france-ameriques\/"]}]},{"@type":"ImageObject","inLanguage":"es","@id":"https:\/\/chambrealfa.com\/es\/evento-cercle-france-ameriques\/#primaryimage","url":"https:\/\/chambrealfa.com\/wp-content\/uploads\/2025\/01\/portada-largentine.jpg","contentUrl":"https:\/\/chambrealfa.com\/wp-content\/uploads\/2025\/01\/portada-largentine.jpg","width":400,"height":400},{"@type":"BreadcrumbList","@id":"https:\/\/chambrealfa.com\/es\/evento-cercle-france-ameriques\/#breadcrumb","itemListElement":[{"@type":"ListItem","position":1,"name":"Portada","item":"https:\/\/chambrealfa.com\/es\/"},{"@type":"ListItem","position":2,"name":"Evento Cercle France-Am\u00e9riques"}]},{"@type":"WebSite","@id":"https:\/\/chambrealfa.com\/es\/#website","url":"https:\/\/chambrealfa.com\/es\/","name":"ALFA","description":"Business Forum Argentine France","potentialAction":[{"@type":"SearchAction","target":{"@type":"EntryPoint","urlTemplate":"https:\/\/chambrealfa.com\/es\/?s={search_term_string}"},"query-input":{"@type":"PropertyValueSpecification","valueRequired":true,"valueName":"search_term_string"}}],"inLanguage":"es"},{"@type":"Person","@id":"https:\/\/chambrealfa.com\/es\/#\/schema\/person\/3b3e2b7a3b07e7a35ab7aa4ddcf4b5cf","name":"Matias Mercado","image":{"@type":"ImageObject","inLanguage":"es","@id":"https:\/\/chambrealfa.com\/es\/#\/schema\/person\/image\/","url":"https:\/\/secure.gravatar.com\/avatar\/1d0e4a0c7c20403ad4cb3ff150f61f881a44cf7b1a999513b197d29a9a66eb1d?s=96&d=mm&r=g","contentUrl":"https:\/\/secure.gravatar.com\/avatar\/1d0e4a0c7c20403ad4cb3ff150f61f881a44cf7b1a999513b197d29a9a66eb1d?s=96&d=mm&r=g","caption":"Matias Mercado"},"sameAs":["https:\/\/www.cocoa.group\/fr","https:\/\/www.linkedin.com\/in\/matias-mercado"],"url":"https:\/\/chambrealfa.com\/es\/author\/cocoagroup\/"}]}},"publishpress_future_action":{"enabled":false,"date":"2026-05-06 17:23:58","action":"change-status","newStatus":"draft","terms":[],"taxonomy":"category","extraData":[]},"publishpress_future_workflow_manual_trigger":{"enabledWorkflows":[]},"_links":{"self":[{"href":"https:\/\/chambrealfa.com\/es\/wp-json\/wp\/v2\/posts\/2385","targetHints":{"allow":["GET"]}}],"collection":[{"href":"https:\/\/chambrealfa.com\/es\/wp-json\/wp\/v2\/posts"}],"about":[{"href":"https:\/\/chambrealfa.com\/es\/wp-json\/wp\/v2\/types\/post"}],"author":[{"embeddable":true,"href":"https:\/\/chambrealfa.com\/es\/wp-json\/wp\/v2\/users\/2"}],"replies":[{"embeddable":true,"href":"https:\/\/chambrealfa.com\/es\/wp-json\/wp\/v2\/comments?post=2385"}],"version-history":[{"count":2,"href":"https:\/\/chambrealfa.com\/es\/wp-json\/wp\/v2\/posts\/2385\/revisions"}],"predecessor-version":[{"id":2387,"href":"https:\/\/chambrealfa.com\/es\/wp-json\/wp\/v2\/posts\/2385\/revisions\/2387"}],"wp:featuredmedia":[{"embeddable":true,"href":"https:\/\/chambrealfa.com\/es\/wp-json\/wp\/v2\/media\/2398"}],"wp:attachment":[{"href":"https:\/\/chambrealfa.com\/es\/wp-json\/wp\/v2\/media?parent=2385"}],"wp:term":[{"taxonomy":"category","embeddable":true,"href":"https:\/\/chambrealfa.com\/es\/wp-json\/wp\/v2\/categories?post=2385"},{"taxonomy":"post_tag","embeddable":true,"href":"https:\/\/chambrealfa.com\/es\/wp-json\/wp\/v2\/tags?post=2385"}],"curies":[{"name":"wp","href":"https:\/\/api.w.org\/{rel}","templated":true}]}}