{"id":2283,"date":"2024-10-09T16:36:41","date_gmt":"2024-10-09T16:36:41","guid":{"rendered":"https:\/\/chambrealfa.com\/?p=2283"},"modified":"2024-10-28T10:14:46","modified_gmt":"2024-10-28T10:14:46","slug":"conferencia-forward","status":"publish","type":"post","link":"https:\/\/chambrealfa.com\/es\/conferencia-forward\/","title":{"rendered":"Conferencia \u2013  En Forward Global"},"content":{"rendered":"<div  class='flex_column av-b9r68r-c3dab8b2a4d6e00f43dd368c808bc17c av_two_third  avia-builder-el-0  el_before_av_one_third  avia-builder-el-first  first flex_column_div  '     ><p><div  class='avia-slideshow av-m2jms8zb-4939f973064ac2f185dc99b3fcaa5dac avia-slideshow-no scaling av_slideshow avia-fade-slider  avia-builder-el-1  el_before_av_hr  avia-builder-el-first  av-slideshow-ui av-control-default av-slideshow-autoplay av-loop-endless av-loop-manual-endless av-default-height-applied avia-slideshow-1' data-slideshow-options=\"{&quot;animation&quot;:&quot;fade&quot;,&quot;autoplay&quot;:true,&quot;loop_autoplay&quot;:&quot;endless&quot;,&quot;interval&quot;:4,&quot;loop_manual&quot;:&quot;manual-endless&quot;,&quot;autoplay_stopper&quot;:false,&quot;noNavigation&quot;:false,&quot;bg_slider&quot;:false,&quot;keep_padding&quot;:false,&quot;hoverpause&quot;:false,&quot;show_slide_delay&quot;:0}\"  itemprop=\"image\" itemscope=\"itemscope\" itemtype=\"https:\/\/schema.org\/ImageObject\" ><ul class='avia-slideshow-inner ' style='padding-bottom: 133.33333333333%;'><li  class='avia-slideshow-slide av-m2jms8zb-4939f973064ac2f185dc99b3fcaa5dac__0  slide-1 slide-odd'><div data-rel='slideshow-1' class='avia-slide-wrap '   ><img decoding=\"async\" fetchpriority=\"high\" class=\"wp-image-2295 avia-img-lazy-loading-not-2295\"  src=\"https:\/\/chambrealfa.com\/wp-content\/uploads\/2024\/10\/1729090220798.jpg\" width=\"675\" height=\"900\" title='1729090220798' alt=''  itemprop=\"thumbnailUrl\" srcset=\"https:\/\/chambrealfa.com\/wp-content\/uploads\/2024\/10\/1729090220798.jpg 675w, https:\/\/chambrealfa.com\/wp-content\/uploads\/2024\/10\/1729090220798-225x300.jpg 225w, https:\/\/chambrealfa.com\/wp-content\/uploads\/2024\/10\/1729090220798-529x705.jpg 529w\" sizes=\"(max-width: 675px) 100vw, 675px\" \/><\/div><\/li><li  class='avia-slideshow-slide av-m2jms8zb-4939f973064ac2f185dc99b3fcaa5dac__1  slide-2 slide-even'><div data-rel='slideshow-1' class='avia-slide-wrap '   ><img decoding=\"async\" fetchpriority=\"high\" class=\"wp-image-2297 avia-img-lazy-loading-not-2297\"  src=\"https:\/\/chambrealfa.com\/wp-content\/uploads\/2024\/10\/1729090221257.jpg\" width=\"900\" height=\"675\" title='1729090221257' alt=''  itemprop=\"thumbnailUrl\" srcset=\"https:\/\/chambrealfa.com\/wp-content\/uploads\/2024\/10\/1729090221257.jpg 900w, https:\/\/chambrealfa.com\/wp-content\/uploads\/2024\/10\/1729090221257-300x225.jpg 300w, https:\/\/chambrealfa.com\/wp-content\/uploads\/2024\/10\/1729090221257-768x576.jpg 768w, https:\/\/chambrealfa.com\/wp-content\/uploads\/2024\/10\/1729090221257-705x529.jpg 705w\" sizes=\"(max-width: 900px) 100vw, 900px\" \/><\/div><\/li><li  class='avia-slideshow-slide av-m2jms8zb-4939f973064ac2f185dc99b3fcaa5dac__2  slide-3 slide-odd'><div data-rel='slideshow-1' class='avia-slide-wrap '   ><img decoding=\"async\" fetchpriority=\"high\" class=\"wp-image-2299 avia-img-lazy-loading-not-2299\"  src=\"https:\/\/chambrealfa.com\/wp-content\/uploads\/2024\/10\/1729090223547.jpg\" width=\"675\" height=\"900\" title='1729090223547' alt=''  itemprop=\"thumbnailUrl\" srcset=\"https:\/\/chambrealfa.com\/wp-content\/uploads\/2024\/10\/1729090223547.jpg 675w, https:\/\/chambrealfa.com\/wp-content\/uploads\/2024\/10\/1729090223547-225x300.jpg 225w, https:\/\/chambrealfa.com\/wp-content\/uploads\/2024\/10\/1729090223547-529x705.jpg 529w\" sizes=\"(max-width: 675px) 100vw, 675px\" \/><\/div><\/li><li  class='avia-slideshow-slide av-m2jms8zb-4939f973064ac2f185dc99b3fcaa5dac__3  slide-4 slide-even'><div data-rel='slideshow-1' class='avia-slide-wrap '   ><img decoding=\"async\" fetchpriority=\"high\" class=\"wp-image-2301 avia-img-lazy-loading-not-2301\"  src=\"https:\/\/chambrealfa.com\/wp-content\/uploads\/2024\/10\/1729090223667.jpg\" width=\"900\" height=\"675\" title='1729090223667' alt=''  itemprop=\"thumbnailUrl\" srcset=\"https:\/\/chambrealfa.com\/wp-content\/uploads\/2024\/10\/1729090223667.jpg 900w, https:\/\/chambrealfa.com\/wp-content\/uploads\/2024\/10\/1729090223667-300x225.jpg 300w, https:\/\/chambrealfa.com\/wp-content\/uploads\/2024\/10\/1729090223667-768x576.jpg 768w, https:\/\/chambrealfa.com\/wp-content\/uploads\/2024\/10\/1729090223667-705x529.jpg 705w\" sizes=\"(max-width: 900px) 100vw, 900px\" \/><\/div><\/li><li  class='avia-slideshow-slide av-m2jms8zb-4939f973064ac2f185dc99b3fcaa5dac__4  slide-5 slide-odd'><div data-rel='slideshow-1' class='avia-slide-wrap '   ><img decoding=\"async\" fetchpriority=\"high\" class=\"wp-image-2303 avia-img-lazy-loading-not-2303\"  src=\"https:\/\/chambrealfa.com\/wp-content\/uploads\/2024\/10\/1729090224211.jpg\" width=\"675\" height=\"900\" title='1729090224211' alt=''  itemprop=\"thumbnailUrl\" srcset=\"https:\/\/chambrealfa.com\/wp-content\/uploads\/2024\/10\/1729090224211.jpg 675w, https:\/\/chambrealfa.com\/wp-content\/uploads\/2024\/10\/1729090224211-225x300.jpg 225w, https:\/\/chambrealfa.com\/wp-content\/uploads\/2024\/10\/1729090224211-529x705.jpg 529w\" sizes=\"(max-width: 675px) 100vw, 675px\" \/><\/div><\/li><\/ul><div class='avia-slideshow-arrows avia-slideshow-controls' ><a href='#prev' class='prev-slide  avia-svg-icon avia-font-svg_entypo-fontello' data-av_svg_icon='left-open-big' data-av_iconset='svg_entypo-fontello' tabindex='-1' title=\"Anterior\"><svg version=\"1.1\" xmlns=\"http:\/\/www.w3.org\/2000\/svg\" width=\"15\" height=\"32\" viewBox=\"0 0 15 32\" preserveAspectRatio=\"xMidYMid meet\" aria-labelledby='av-svg-title-1' aria-describedby='av-svg-desc-1' role=\"graphics-symbol\" aria-hidden=\"true\">\n<title id='av-svg-title-1'>Anterior<\/title>\n<desc id='av-svg-desc-1'>Anterior<\/desc>\n<path d=\"M14.464 27.84q0.832 0.832 0 1.536-0.832 0.832-1.536 0l-12.544-12.608q-0.768-0.768 0-1.6l12.544-12.608q0.704-0.832 1.536 0 0.832 0.704 0 1.536l-11.456 11.904z\"><\/path>\n<\/svg><span class='avia_hidden_link_text'>Anterior<\/span><\/a><a href='#next' class='next-slide  avia-svg-icon avia-font-svg_entypo-fontello' data-av_svg_icon='right-open-big' data-av_iconset='svg_entypo-fontello' tabindex='-1' title=\"Posterior\"><svg version=\"1.1\" xmlns=\"http:\/\/www.w3.org\/2000\/svg\" width=\"15\" height=\"32\" viewBox=\"0 0 15 32\" preserveAspectRatio=\"xMidYMid meet\" aria-labelledby='av-svg-title-2' aria-describedby='av-svg-desc-2' role=\"graphics-symbol\" aria-hidden=\"true\">\n<title id='av-svg-title-2'>Posterior<\/title>\n<desc id='av-svg-desc-2'>Posterior<\/desc>\n<path d=\"M0.416 27.84l11.456-11.84-11.456-11.904q-0.832-0.832 0-1.536 0.832-0.832 1.536 0l12.544 12.608q0.768 0.832 0 1.6l-12.544 12.608q-0.704 0.832-1.536 0-0.832-0.704 0-1.536z\"><\/path>\n<\/svg><span class='avia_hidden_link_text'>Posterior<\/span><\/a><\/div><div class='avia-slideshow-dots avia-slideshow-controls'><a href='#1' class='goto-slide active' >1<\/a><a href='#2' class='goto-slide ' >2<\/a><a href='#3' class='goto-slide ' >3<\/a><a href='#4' class='goto-slide ' >4<\/a><a href='#5' class='goto-slide ' >5<\/a><\/div><\/div><br \/>\n\n<style type=\"text\/css\" data-created_by=\"avia_inline_auto\" id=\"style-css-av-av_hr-d2f5dddf2ec7117400bfc78d474105a4\">\n#top .hr.hr-invisible.av-av_hr-d2f5dddf2ec7117400bfc78d474105a4{\nheight:16px;\n}\n<\/style>\n<div  class='hr av-av_hr-d2f5dddf2ec7117400bfc78d474105a4 hr-invisible  avia-builder-el-2  el_after_av_slideshow  el_before_av_textblock '><span class='hr-inner '><span class=\"hr-inner-style\"><\/span><\/span><\/div><br \/>\n<section  class='av_textblock_section av-82bv6z-efcf4ae3a792605221a014b055d462bf '   itemscope=\"itemscope\" itemtype=\"https:\/\/schema.org\/BlogPosting\" itemprop=\"blogPost\" ><div class='avia_textblock'  itemprop=\"text\" ><p><strong>Javier Milei, une nouvelle Argentine? Quelles perspectives pour les entreprises fran\u00e7aises?<\/strong><\/p>\n<p><span class=\"s6\">Apr\u00e8s avoir trac\u00e9 un bref historique\u00a0de l&#8217;\u00e9conomie argentine ces 20 derni\u00e8res ann\u00e9es &#8211; ses ministres d&#8217;\u00c9conomie, les fluctuations de sa monnaie, les programmes \u00e9tablis avec le FMI tout comme les d\u00e9sordres g\u00e9n\u00e9r\u00e9s par ses multiples taux de change &#8211; <\/span><a href=\"https:\/\/www.linkedin.com\/in\/jean-fran%C3%A7ois-michel-9a643aa1\/\" target=\"_blank\" rel=\"noopener\"><span class=\"s6\">Jean-Fran\u00e7ois Michel<\/span><\/a> <span class=\"s6\">a pr\u00e9sent\u00e9 les initiatives adopt\u00e9es par l&#8217;actuelle administration qui visent \u00e0 placer le pays dans une trajectoire libre \u00e9changiste et d\u00e9gag\u00e9e de l&#8217;intervention\u00a0\u00e9tatique.<\/span><span class=\"s6\"><br \/>\n<\/span><\/p>\n<p class=\"s3\"><span class=\"s6\">La r\u00e9duction de l&#8217;inflation &#8211; au prix d&#8217;une forte r\u00e9cession et d&#8217;une augmentation des taux de pauvret\u00e9 et d&#8217;indigence &#8211; a \u00e9t\u00e9 soulign\u00e9e, tout comme la politique d&#8217;amnistie fiscale, le faible endettement des m\u00e9nages et les secteurs porteurs qui \u00e9mergent, voire r\u00e9-\u00e9mergent, aux c\u00f4t\u00e9 de l&#8217;<\/span><span class=\"s6\">agribusiness<\/span><span class=\"s6\">\u00a0: l&#8217;\u00e9nergie avec le d\u00e9veloppement de la production de <\/span><span class=\"s6\">gas<\/span><span class=\"s6\"> et sa contribution aux exportations, les mines et les services o\u00f9 l&#8217;Argentine compte sur un capital humain de qualit\u00e9.<\/span><span class=\"s6\"><br \/>\n<\/span><span class=\"s6\"><br \/>\n<\/span><span class=\"s6\">La pr\u00e9sentation \u00e0 laquelle ont particip\u00e9 plus d&#8217;une quarantaine de personnes a donn\u00e9 lieu \u00e0 un \u00e9change riche avec la salle qui s&#8217;est prolong\u00e9 par un cocktail, bien arros\u00e9 \u00e0 l&#8217;ext\u00e9rieur par une pluie battante.<\/span><\/p>\n<\/div><\/section><\/p><\/div><div  class='flex_column av-296i3f-7508bbb22f9d10b5740d235e35493e23 av_one_third  avia-builder-el-4  el_after_av_two_third  avia-builder-el-last  flex_column_div  '     ><\/div><\/p>\n","protected":false},"excerpt":{"rendered":"<p>Javier Milei, une nouvelle Argentine? Quelles perspectives pour les entreprises fran\u00e7aises?<\/p>\n","protected":false},"author":2,"featured_media":2277,"comment_status":"closed","ping_status":"closed","sticky":false,"template":"","format":"standard","meta":{"footnotes":""},"categories":[10],"tags":[],"class_list":["post-2283","post","type-post","status-publish","format-standard","has-post-thumbnail","hentry","category-actividades"],"yoast_head":"<!-- This site is optimized with the Yoast SEO plugin v27.1.1 - https:\/\/yoast.com\/product\/yoast-seo-wordpress\/ -->\n<title>Conferencia \u2013 En Forward Global - ALFA<\/title>\n<meta name=\"robots\" content=\"index, follow, max-snippet:-1, max-image-preview:large, max-video-preview:-1\" \/>\n<link rel=\"canonical\" href=\"https:\/\/chambrealfa.com\/es\/conferencia-forward\/\" \/>\n<meta property=\"og:locale\" content=\"es_ES\" \/>\n<meta property=\"og:type\" content=\"article\" \/>\n<meta property=\"og:title\" content=\"Conferencia \u2013 En Forward Global - ALFA\" \/>\n<meta property=\"og:description\" content=\"Javier Milei, une nouvelle Argentine? Quelles perspectives pour les entreprises fran\u00e7aises?\" \/>\n<meta property=\"og:url\" content=\"https:\/\/chambrealfa.com\/es\/conferencia-forward\/\" \/>\n<meta property=\"og:site_name\" content=\"ALFA\" \/>\n<meta property=\"article:published_time\" content=\"2024-10-09T16:36:41+00:00\" \/>\n<meta property=\"article:modified_time\" content=\"2024-10-28T10:14:46+00:00\" \/>\n<meta property=\"og:image\" content=\"https:\/\/chambrealfa.com\/wp-content\/uploads\/2024\/09\/Forward-caratula.jpg\" \/>\n\t<meta property=\"og:image:width\" content=\"400\" \/>\n\t<meta property=\"og:image:height\" content=\"400\" \/>\n\t<meta property=\"og:image:type\" content=\"image\/jpeg\" \/>\n<meta name=\"author\" content=\"Matias Mercado\" \/>\n<meta name=\"twitter:card\" content=\"summary_large_image\" \/>\n<meta name=\"twitter:label1\" content=\"Escrito por\" \/>\n\t<meta name=\"twitter:data1\" content=\"Matias Mercado\" \/>\n<script type=\"application\/ld+json\" class=\"yoast-schema-graph\">{\"@context\":\"https:\/\/schema.org\",\"@graph\":[{\"@type\":\"Article\",\"@id\":\"https:\/\/chambrealfa.com\/es\/conferencia-forward\/#article\",\"isPartOf\":{\"@id\":\"https:\/\/chambrealfa.com\/es\/conferencia-forward\/\"},\"author\":{\"name\":\"Matias Mercado\",\"@id\":\"https:\/\/chambrealfa.com\/es\/#\/schema\/person\/3b3e2b7a3b07e7a35ab7aa4ddcf4b5cf\"},\"headline\":\"Conferencia \u2013 En Forward Global\",\"datePublished\":\"2024-10-09T16:36:41+00:00\",\"dateModified\":\"2024-10-28T10:14:46+00:00\",\"mainEntityOfPage\":{\"@id\":\"https:\/\/chambrealfa.com\/es\/conferencia-forward\/\"},\"wordCount\":1046,\"image\":{\"@id\":\"https:\/\/chambrealfa.com\/es\/conferencia-forward\/#primaryimage\"},\"thumbnailUrl\":\"https:\/\/chambrealfa.com\/wp-content\/uploads\/2024\/09\/Forward-caratula.jpg\",\"articleSection\":[\"Actividades\"],\"inLanguage\":\"es\"},{\"@type\":\"WebPage\",\"@id\":\"https:\/\/chambrealfa.com\/es\/conferencia-forward\/\",\"url\":\"https:\/\/chambrealfa.com\/es\/conferencia-forward\/\",\"name\":\"Conferencia \u2013 En Forward Global - ALFA\",\"isPartOf\":{\"@id\":\"https:\/\/chambrealfa.com\/es\/#website\"},\"primaryImageOfPage\":{\"@id\":\"https:\/\/chambrealfa.com\/es\/conferencia-forward\/#primaryimage\"},\"image\":{\"@id\":\"https:\/\/chambrealfa.com\/es\/conferencia-forward\/#primaryimage\"},\"thumbnailUrl\":\"https:\/\/chambrealfa.com\/wp-content\/uploads\/2024\/09\/Forward-caratula.jpg\",\"datePublished\":\"2024-10-09T16:36:41+00:00\",\"dateModified\":\"2024-10-28T10:14:46+00:00\",\"author\":{\"@id\":\"https:\/\/chambrealfa.com\/es\/#\/schema\/person\/3b3e2b7a3b07e7a35ab7aa4ddcf4b5cf\"},\"breadcrumb\":{\"@id\":\"https:\/\/chambrealfa.com\/es\/conferencia-forward\/#breadcrumb\"},\"inLanguage\":\"es\",\"potentialAction\":[{\"@type\":\"ReadAction\",\"target\":[\"https:\/\/chambrealfa.com\/es\/conferencia-forward\/\"]}]},{\"@type\":\"ImageObject\",\"inLanguage\":\"es\",\"@id\":\"https:\/\/chambrealfa.com\/es\/conferencia-forward\/#primaryimage\",\"url\":\"https:\/\/chambrealfa.com\/wp-content\/uploads\/2024\/09\/Forward-caratula.jpg\",\"contentUrl\":\"https:\/\/chambrealfa.com\/wp-content\/uploads\/2024\/09\/Forward-caratula.jpg\",\"width\":400,\"height\":400},{\"@type\":\"BreadcrumbList\",\"@id\":\"https:\/\/chambrealfa.com\/es\/conferencia-forward\/#breadcrumb\",\"itemListElement\":[{\"@type\":\"ListItem\",\"position\":1,\"name\":\"Portada\",\"item\":\"https:\/\/chambrealfa.com\/es\/\"},{\"@type\":\"ListItem\",\"position\":2,\"name\":\"Conferencia \u2013 En Forward Global\"}]},{\"@type\":\"WebSite\",\"@id\":\"https:\/\/chambrealfa.com\/es\/#website\",\"url\":\"https:\/\/chambrealfa.com\/es\/\",\"name\":\"ALFA\",\"description\":\"Business Forum Argentine France\",\"potentialAction\":[{\"@type\":\"SearchAction\",\"target\":{\"@type\":\"EntryPoint\",\"urlTemplate\":\"https:\/\/chambrealfa.com\/es\/?s={search_term_string}\"},\"query-input\":{\"@type\":\"PropertyValueSpecification\",\"valueRequired\":true,\"valueName\":\"search_term_string\"}}],\"inLanguage\":\"es\"},{\"@type\":\"Person\",\"@id\":\"https:\/\/chambrealfa.com\/es\/#\/schema\/person\/3b3e2b7a3b07e7a35ab7aa4ddcf4b5cf\",\"name\":\"Matias Mercado\",\"image\":{\"@type\":\"ImageObject\",\"inLanguage\":\"es\",\"@id\":\"https:\/\/chambrealfa.com\/es\/#\/schema\/person\/image\/\",\"url\":\"https:\/\/secure.gravatar.com\/avatar\/1d0e4a0c7c20403ad4cb3ff150f61f881a44cf7b1a999513b197d29a9a66eb1d?s=96&d=mm&r=g\",\"contentUrl\":\"https:\/\/secure.gravatar.com\/avatar\/1d0e4a0c7c20403ad4cb3ff150f61f881a44cf7b1a999513b197d29a9a66eb1d?s=96&d=mm&r=g\",\"caption\":\"Matias Mercado\"},\"sameAs\":[\"https:\/\/www.cocoa.group\/fr\",\"https:\/\/www.linkedin.com\/in\/matias-mercado\"],\"url\":\"https:\/\/chambrealfa.com\/es\/author\/cocoagroup\/\"}]}<\/script>\n<!-- \/ Yoast SEO plugin. -->","yoast_head_json":{"title":"Conferencia \u2013 En Forward Global - ALFA","robots":{"index":"index","follow":"follow","max-snippet":"max-snippet:-1","max-image-preview":"max-image-preview:large","max-video-preview":"max-video-preview:-1"},"canonical":"https:\/\/chambrealfa.com\/es\/conferencia-forward\/","og_locale":"es_ES","og_type":"article","og_title":"Conferencia \u2013 En Forward Global - ALFA","og_description":"Javier Milei, une nouvelle Argentine? Quelles perspectives pour les entreprises fran\u00e7aises?","og_url":"https:\/\/chambrealfa.com\/es\/conferencia-forward\/","og_site_name":"ALFA","article_published_time":"2024-10-09T16:36:41+00:00","article_modified_time":"2024-10-28T10:14:46+00:00","og_image":[{"width":400,"height":400,"url":"https:\/\/chambrealfa.com\/wp-content\/uploads\/2024\/09\/Forward-caratula.jpg","type":"image\/jpeg"}],"author":"Matias Mercado","twitter_card":"summary_large_image","twitter_misc":{"Escrito por":"Matias Mercado"},"schema":{"@context":"https:\/\/schema.org","@graph":[{"@type":"Article","@id":"https:\/\/chambrealfa.com\/es\/conferencia-forward\/#article","isPartOf":{"@id":"https:\/\/chambrealfa.com\/es\/conferencia-forward\/"},"author":{"name":"Matias Mercado","@id":"https:\/\/chambrealfa.com\/es\/#\/schema\/person\/3b3e2b7a3b07e7a35ab7aa4ddcf4b5cf"},"headline":"Conferencia \u2013 En Forward Global","datePublished":"2024-10-09T16:36:41+00:00","dateModified":"2024-10-28T10:14:46+00:00","mainEntityOfPage":{"@id":"https:\/\/chambrealfa.com\/es\/conferencia-forward\/"},"wordCount":1046,"image":{"@id":"https:\/\/chambrealfa.com\/es\/conferencia-forward\/#primaryimage"},"thumbnailUrl":"https:\/\/chambrealfa.com\/wp-content\/uploads\/2024\/09\/Forward-caratula.jpg","articleSection":["Actividades"],"inLanguage":"es"},{"@type":"WebPage","@id":"https:\/\/chambrealfa.com\/es\/conferencia-forward\/","url":"https:\/\/chambrealfa.com\/es\/conferencia-forward\/","name":"Conferencia \u2013 En Forward Global - ALFA","isPartOf":{"@id":"https:\/\/chambrealfa.com\/es\/#website"},"primaryImageOfPage":{"@id":"https:\/\/chambrealfa.com\/es\/conferencia-forward\/#primaryimage"},"image":{"@id":"https:\/\/chambrealfa.com\/es\/conferencia-forward\/#primaryimage"},"thumbnailUrl":"https:\/\/chambrealfa.com\/wp-content\/uploads\/2024\/09\/Forward-caratula.jpg","datePublished":"2024-10-09T16:36:41+00:00","dateModified":"2024-10-28T10:14:46+00:00","author":{"@id":"https:\/\/chambrealfa.com\/es\/#\/schema\/person\/3b3e2b7a3b07e7a35ab7aa4ddcf4b5cf"},"breadcrumb":{"@id":"https:\/\/chambrealfa.com\/es\/conferencia-forward\/#breadcrumb"},"inLanguage":"es","potentialAction":[{"@type":"ReadAction","target":["https:\/\/chambrealfa.com\/es\/conferencia-forward\/"]}]},{"@type":"ImageObject","inLanguage":"es","@id":"https:\/\/chambrealfa.com\/es\/conferencia-forward\/#primaryimage","url":"https:\/\/chambrealfa.com\/wp-content\/uploads\/2024\/09\/Forward-caratula.jpg","contentUrl":"https:\/\/chambrealfa.com\/wp-content\/uploads\/2024\/09\/Forward-caratula.jpg","width":400,"height":400},{"@type":"BreadcrumbList","@id":"https:\/\/chambrealfa.com\/es\/conferencia-forward\/#breadcrumb","itemListElement":[{"@type":"ListItem","position":1,"name":"Portada","item":"https:\/\/chambrealfa.com\/es\/"},{"@type":"ListItem","position":2,"name":"Conferencia \u2013 En Forward Global"}]},{"@type":"WebSite","@id":"https:\/\/chambrealfa.com\/es\/#website","url":"https:\/\/chambrealfa.com\/es\/","name":"ALFA","description":"Business Forum Argentine France","potentialAction":[{"@type":"SearchAction","target":{"@type":"EntryPoint","urlTemplate":"https:\/\/chambrealfa.com\/es\/?s={search_term_string}"},"query-input":{"@type":"PropertyValueSpecification","valueRequired":true,"valueName":"search_term_string"}}],"inLanguage":"es"},{"@type":"Person","@id":"https:\/\/chambrealfa.com\/es\/#\/schema\/person\/3b3e2b7a3b07e7a35ab7aa4ddcf4b5cf","name":"Matias Mercado","image":{"@type":"ImageObject","inLanguage":"es","@id":"https:\/\/chambrealfa.com\/es\/#\/schema\/person\/image\/","url":"https:\/\/secure.gravatar.com\/avatar\/1d0e4a0c7c20403ad4cb3ff150f61f881a44cf7b1a999513b197d29a9a66eb1d?s=96&d=mm&r=g","contentUrl":"https:\/\/secure.gravatar.com\/avatar\/1d0e4a0c7c20403ad4cb3ff150f61f881a44cf7b1a999513b197d29a9a66eb1d?s=96&d=mm&r=g","caption":"Matias Mercado"},"sameAs":["https:\/\/www.cocoa.group\/fr","https:\/\/www.linkedin.com\/in\/matias-mercado"],"url":"https:\/\/chambrealfa.com\/es\/author\/cocoagroup\/"}]}},"publishpress_future_action":{"enabled":false,"date":"2026-05-06 22:59:10","action":"change-status","newStatus":"draft","terms":[],"taxonomy":"category","extraData":[]},"publishpress_future_workflow_manual_trigger":{"enabledWorkflows":[]},"_links":{"self":[{"href":"https:\/\/chambrealfa.com\/es\/wp-json\/wp\/v2\/posts\/2283","targetHints":{"allow":["GET"]}}],"collection":[{"href":"https:\/\/chambrealfa.com\/es\/wp-json\/wp\/v2\/posts"}],"about":[{"href":"https:\/\/chambrealfa.com\/es\/wp-json\/wp\/v2\/types\/post"}],"author":[{"embeddable":true,"href":"https:\/\/chambrealfa.com\/es\/wp-json\/wp\/v2\/users\/2"}],"replies":[{"embeddable":true,"href":"https:\/\/chambrealfa.com\/es\/wp-json\/wp\/v2\/comments?post=2283"}],"version-history":[{"count":4,"href":"https:\/\/chambrealfa.com\/es\/wp-json\/wp\/v2\/posts\/2283\/revisions"}],"predecessor-version":[{"id":2285,"href":"https:\/\/chambrealfa.com\/es\/wp-json\/wp\/v2\/posts\/2283\/revisions\/2285"}],"wp:featuredmedia":[{"embeddable":true,"href":"https:\/\/chambrealfa.com\/es\/wp-json\/wp\/v2\/media\/2277"}],"wp:attachment":[{"href":"https:\/\/chambrealfa.com\/es\/wp-json\/wp\/v2\/media?parent=2283"}],"wp:term":[{"taxonomy":"category","embeddable":true,"href":"https:\/\/chambrealfa.com\/es\/wp-json\/wp\/v2\/categories?post=2283"},{"taxonomy":"post_tag","embeddable":true,"href":"https:\/\/chambrealfa.com\/es\/wp-json\/wp\/v2\/tags?post=2283"}],"curies":[{"name":"wp","href":"https:\/\/api.w.org\/{rel}","templated":true}]}}