{"id":2204,"date":"2024-04-25T17:03:14","date_gmt":"2024-04-25T17:03:14","guid":{"rendered":"https:\/\/chambrealfa.com\/?p=2204"},"modified":"2024-05-24T22:42:49","modified_gmt":"2024-05-24T22:42:49","slug":"conferencia-el-sur","status":"publish","type":"post","link":"https:\/\/chambrealfa.com\/es\/conferencia-el-sur\/","title":{"rendered":"Conferencia &#8211; Caf\u00e9 El Sur"},"content":{"rendered":"<div  class='flex_column av-av_two_third-d846867a37b468541bc8830743d44203 av_two_third  avia-builder-el-0  el_before_av_one_third  avia-builder-el-first  first flex_column_div  '     ><p><div  class='avia-slideshow av-av_slideshow-f9d255c92924296e3c53552328bb20e2 avia-slideshow-no scaling av_slideshow avia-fade-slider  avia-builder-el-1  el_before_av_hr  avia-builder-el-first  av-slideshow-ui av-control-default av-slideshow-autoplay av-loop-endless av-loop-manual-endless av-default-height-applied avia-slideshow-1' data-slideshow-options=\"{&quot;animation&quot;:&quot;fade&quot;,&quot;autoplay&quot;:true,&quot;loop_autoplay&quot;:&quot;endless&quot;,&quot;interval&quot;:4,&quot;loop_manual&quot;:&quot;manual-endless&quot;,&quot;autoplay_stopper&quot;:false,&quot;noNavigation&quot;:false,&quot;bg_slider&quot;:false,&quot;keep_padding&quot;:false,&quot;hoverpause&quot;:false,&quot;show_slide_delay&quot;:0}\"  itemprop=\"image\" itemscope=\"itemscope\" itemtype=\"https:\/\/schema.org\/ImageObject\" ><ul class='avia-slideshow-inner ' style='padding-bottom: 75%;'><li  class='avia-slideshow-slide av-av_slideshow-f9d255c92924296e3c53552328bb20e2__0  slide-1 slide-odd'><div data-rel='slideshow-1' class='avia-slide-wrap '   ><img decoding=\"async\" fetchpriority=\"high\" class=\"wp-image-2214 avia-img-lazy-loading-not-2214\"  src=\"https:\/\/chambrealfa.com\/wp-content\/uploads\/2024\/04\/1714303197250.jpg\" width=\"900\" height=\"675\" title='1714303197250' alt=''  itemprop=\"thumbnailUrl\" srcset=\"https:\/\/chambrealfa.com\/wp-content\/uploads\/2024\/04\/1714303197250.jpg 900w, https:\/\/chambrealfa.com\/wp-content\/uploads\/2024\/04\/1714303197250-300x225.jpg 300w, https:\/\/chambrealfa.com\/wp-content\/uploads\/2024\/04\/1714303197250-768x576.jpg 768w, https:\/\/chambrealfa.com\/wp-content\/uploads\/2024\/04\/1714303197250-705x529.jpg 705w\" sizes=\"(max-width: 900px) 100vw, 900px\" \/><\/div><\/li><li  class='avia-slideshow-slide av-av_slideshow-f9d255c92924296e3c53552328bb20e2__1  slide-2 slide-even'><div data-rel='slideshow-1' class='avia-slide-wrap '   ><img decoding=\"async\" fetchpriority=\"high\" class=\"wp-image-2216 avia-img-lazy-loading-not-2216\"  src=\"https:\/\/chambrealfa.com\/wp-content\/uploads\/2024\/04\/1714303197252.jpg\" width=\"675\" height=\"900\" title='1714303197252' alt=''  itemprop=\"thumbnailUrl\" srcset=\"https:\/\/chambrealfa.com\/wp-content\/uploads\/2024\/04\/1714303197252.jpg 675w, https:\/\/chambrealfa.com\/wp-content\/uploads\/2024\/04\/1714303197252-225x300.jpg 225w, https:\/\/chambrealfa.com\/wp-content\/uploads\/2024\/04\/1714303197252-529x705.jpg 529w\" sizes=\"(max-width: 675px) 100vw, 675px\" \/><\/div><\/li><li  class='avia-slideshow-slide av-av_slideshow-f9d255c92924296e3c53552328bb20e2__2  slide-3 slide-odd'><div data-rel='slideshow-1' class='avia-slide-wrap '   ><img decoding=\"async\" fetchpriority=\"high\" class=\"wp-image-2218 avia-img-lazy-loading-not-2218\"  src=\"https:\/\/chambrealfa.com\/wp-content\/uploads\/2024\/04\/1714303197670.jpg\" width=\"900\" height=\"675\" title='1714303197670' alt=''  itemprop=\"thumbnailUrl\" srcset=\"https:\/\/chambrealfa.com\/wp-content\/uploads\/2024\/04\/1714303197670.jpg 900w, https:\/\/chambrealfa.com\/wp-content\/uploads\/2024\/04\/1714303197670-300x225.jpg 300w, https:\/\/chambrealfa.com\/wp-content\/uploads\/2024\/04\/1714303197670-768x576.jpg 768w, https:\/\/chambrealfa.com\/wp-content\/uploads\/2024\/04\/1714303197670-705x529.jpg 705w\" sizes=\"(max-width: 900px) 100vw, 900px\" \/><\/div><\/li><\/ul><div class='avia-slideshow-arrows avia-slideshow-controls' ><a href='#prev' class='prev-slide  avia-svg-icon avia-font-svg_entypo-fontello' data-av_svg_icon='left-open-big' data-av_iconset='svg_entypo-fontello' tabindex='-1' title=\"Anterior\"><svg version=\"1.1\" xmlns=\"http:\/\/www.w3.org\/2000\/svg\" width=\"15\" height=\"32\" viewBox=\"0 0 15 32\" preserveAspectRatio=\"xMidYMid meet\" aria-labelledby='av-svg-title-1' aria-describedby='av-svg-desc-1' role=\"graphics-symbol\" aria-hidden=\"true\">\n<title id='av-svg-title-1'>Anterior<\/title>\n<desc id='av-svg-desc-1'>Anterior<\/desc>\n<path d=\"M14.464 27.84q0.832 0.832 0 1.536-0.832 0.832-1.536 0l-12.544-12.608q-0.768-0.768 0-1.6l12.544-12.608q0.704-0.832 1.536 0 0.832 0.704 0 1.536l-11.456 11.904z\"><\/path>\n<\/svg><span class='avia_hidden_link_text'>Anterior<\/span><\/a><a href='#next' class='next-slide  avia-svg-icon avia-font-svg_entypo-fontello' data-av_svg_icon='right-open-big' data-av_iconset='svg_entypo-fontello' tabindex='-1' title=\"Posterior\"><svg version=\"1.1\" xmlns=\"http:\/\/www.w3.org\/2000\/svg\" width=\"15\" height=\"32\" viewBox=\"0 0 15 32\" preserveAspectRatio=\"xMidYMid meet\" aria-labelledby='av-svg-title-2' aria-describedby='av-svg-desc-2' role=\"graphics-symbol\" aria-hidden=\"true\">\n<title id='av-svg-title-2'>Posterior<\/title>\n<desc id='av-svg-desc-2'>Posterior<\/desc>\n<path d=\"M0.416 27.84l11.456-11.84-11.456-11.904q-0.832-0.832 0-1.536 0.832-0.832 1.536 0l12.544 12.608q0.768 0.832 0 1.6l-12.544 12.608q-0.704 0.832-1.536 0-0.832-0.704 0-1.536z\"><\/path>\n<\/svg><span class='avia_hidden_link_text'>Posterior<\/span><\/a><\/div><div class='avia-slideshow-dots avia-slideshow-controls'><a href='#1' class='goto-slide active' >1<\/a><a href='#2' class='goto-slide ' >2<\/a><a href='#3' class='goto-slide ' >3<\/a><\/div><\/div><br \/>\n\n<style type=\"text\/css\" data-created_by=\"avia_inline_auto\" id=\"style-css-av-av_hr-d2f5dddf2ec7117400bfc78d474105a4\">\n#top .hr.hr-invisible.av-av_hr-d2f5dddf2ec7117400bfc78d474105a4{\nheight:16px;\n}\n<\/style>\n<div  class='hr av-av_hr-d2f5dddf2ec7117400bfc78d474105a4 hr-invisible  avia-builder-el-2  el_after_av_slideshow  el_before_av_textblock '><span class='hr-inner '><span class=\"hr-inner-style\"><\/span><\/span><\/div><br \/>\n<section  class='av_textblock_section av-av_textblock-8eba2417de9ea263f0cb5a774f45768a '   itemscope=\"itemscope\" itemtype=\"https:\/\/schema.org\/BlogPosting\" itemprop=\"blogPost\" ><div class='avia_textblock'  itemprop=\"text\" ><p>C&#8217;est aux premiers mois du gouvernement de Javier Milei qu&#8217;ALFA a consacr\u00e9 sa 16e rencontre, \u00e9clair\u00e9e par le journaliste <a href=\"https:\/\/www.linkedin.com\/in\/gilles-biassette-71a2b51\/\">Gilles Biassette<\/a> et l&#8217;\u00e9conomiste <a href=\"https:\/\/www.linkedin.com\/in\/celia-himelfarb-9a451a6a\/\">Celia Himelfarb<\/a>\u203c<\/p>\n<p>Dans &#8220;Choses vues \u00e0 Buenos Aires&#8221; G. Biassette a mis en exergue les particularit\u00e9s du contexte pr\u00e9valant lors du dernier\u00a0round\u00a0\u00e9lectoral fin 2023 en le comparant \u00e0 l&#8217;ambiance r\u00e9gnant en 2001: une population \u00e9puis\u00e9e face \u00e0 l&#8217;inflation et des jeunes s\u00e9duits par le style libertaire et disruptif de Javier Milei.<\/p>\n<p><a href=\"https:\/\/www.linkedin.com\/in\/celia-himelfarb-9a451a6a\/\" target=\"_blank\" rel=\"noopener\">Celia Himelfarb<\/a>, quant \u00e0 elle, s&#8217;est attard\u00e9e sur la pens\u00e9e \u00e9conomique\u00a0du Psdt. Milei, marqu\u00e9e par le retour d&#8217;un ultralib\u00e9ralisme orthodoxe qui n&#8217;est pas sans \u00e9voquer\u00a0une vision thatch\u00e9rienne. La dollarisation annonc\u00e9e par le candidat Milei\u00a0fut abord\u00e9e tout comme ses maigres\u00a0\u00a0chances d&#8217;\u00eatre mise en \u0153uvre compte tenu des r\u00e9ticences \u00e9tasuniennes. Les orateurs se sont attard\u00e9s sur les difficult\u00e9s travers\u00e9es par la soci\u00e9t\u00e9 argentine avec des indices de pauvret\u00e9 et d&#8217;indigence et sur les enjeux que soul\u00e8vent les mesures envisag\u00e9es par le gouvernement : blocage des retraites et des pensions, blanchiment des capitaux, lev\u00e9e du contr\u00f4le des changes&#8230;<\/p>\n<p>Une rencontre qui aura permis de partager interrogations, craintes et espoirs avec l&#8217;audience.<\/p>\n<p>Nos remerciements \u00e0 <a href=\"https:\/\/www.linkedin.com\/in\/celia-himelfarb-9a451a6a\/\" target=\"_blank\" rel=\"noopener\">Celia Himelfarb<\/a> et \u00e0 <a href=\"https:\/\/www.linkedin.com\/in\/gilles-biassette-71a2b51\/\" target=\"_blank\" rel=\"noopener\">Gilles Biassette<\/a> d&#8217;avoir accept\u00e9 d&#8217;\u00e9clairer cette p\u00e9riode de l&#8217;actualit\u00e9 argentine riche en bousculements de tous genres.<\/p>\n<\/div><\/section><\/p><\/div>\n<div  class='flex_column av-av_one_third-337486787960716147ecfb4074cb91c6 av_one_third  avia-builder-el-4  el_after_av_two_third  avia-builder-el-last  flex_column_div  '     ><\/div>\n","protected":false},"excerpt":{"rendered":"<p>Los 100 primeros d\u00edas de Javier Milei.<\/p>\n","protected":false},"author":2,"featured_media":2209,"comment_status":"closed","ping_status":"closed","sticky":false,"template":"","format":"standard","meta":{"footnotes":""},"categories":[10],"tags":[],"class_list":["post-2204","post","type-post","status-publish","format-standard","has-post-thumbnail","hentry","category-actividades"],"yoast_head":"<!-- This site is optimized with the Yoast SEO plugin v27.1.1 - https:\/\/yoast.com\/product\/yoast-seo-wordpress\/ -->\n<title>Conferencia - Caf\u00e9 El Sur - ALFA<\/title>\n<meta name=\"robots\" content=\"index, follow, max-snippet:-1, max-image-preview:large, max-video-preview:-1\" \/>\n<link rel=\"canonical\" href=\"https:\/\/chambrealfa.com\/es\/conferencia-el-sur\/\" \/>\n<meta property=\"og:locale\" content=\"es_ES\" \/>\n<meta property=\"og:type\" content=\"article\" \/>\n<meta property=\"og:title\" content=\"Conferencia - Caf\u00e9 El Sur - ALFA\" \/>\n<meta property=\"og:description\" content=\"Los 100 primeros d\u00edas de Javier Milei.\" \/>\n<meta property=\"og:url\" content=\"https:\/\/chambrealfa.com\/es\/conferencia-el-sur\/\" \/>\n<meta property=\"og:site_name\" content=\"ALFA\" \/>\n<meta property=\"article:published_time\" content=\"2024-04-25T17:03:14+00:00\" \/>\n<meta property=\"article:modified_time\" content=\"2024-05-24T22:42:49+00:00\" \/>\n<meta property=\"og:image\" content=\"https:\/\/chambrealfa.com\/wp-content\/uploads\/2024\/04\/100-jours.jpg\" \/>\n\t<meta property=\"og:image:width\" content=\"495\" \/>\n\t<meta property=\"og:image:height\" content=\"400\" \/>\n\t<meta property=\"og:image:type\" content=\"image\/jpeg\" \/>\n<meta name=\"author\" content=\"Matias Mercado\" \/>\n<meta name=\"twitter:card\" content=\"summary_large_image\" \/>\n<meta name=\"twitter:label1\" content=\"Escrito por\" \/>\n\t<meta name=\"twitter:data1\" content=\"Matias Mercado\" \/>\n\t<meta name=\"twitter:label2\" content=\"Tiempo de lectura\" \/>\n\t<meta name=\"twitter:data2\" content=\"2 minutos\" \/>\n<script type=\"application\/ld+json\" class=\"yoast-schema-graph\">{\"@context\":\"https:\/\/schema.org\",\"@graph\":[{\"@type\":\"Article\",\"@id\":\"https:\/\/chambrealfa.com\/es\/conferencia-el-sur\/#article\",\"isPartOf\":{\"@id\":\"https:\/\/chambrealfa.com\/es\/conferencia-el-sur\/\"},\"author\":{\"name\":\"Matias Mercado\",\"@id\":\"https:\/\/chambrealfa.com\/es\/#\/schema\/person\/3b3e2b7a3b07e7a35ab7aa4ddcf4b5cf\"},\"headline\":\"Conferencia &#8211; Caf\u00e9 El Sur\",\"datePublished\":\"2024-04-25T17:03:14+00:00\",\"dateModified\":\"2024-05-24T22:42:49+00:00\",\"mainEntityOfPage\":{\"@id\":\"https:\/\/chambrealfa.com\/es\/conferencia-el-sur\/\"},\"wordCount\":1054,\"image\":{\"@id\":\"https:\/\/chambrealfa.com\/es\/conferencia-el-sur\/#primaryimage\"},\"thumbnailUrl\":\"https:\/\/chambrealfa.com\/wp-content\/uploads\/2024\/04\/100-jours.jpg\",\"articleSection\":[\"Actividades\"],\"inLanguage\":\"es\"},{\"@type\":\"WebPage\",\"@id\":\"https:\/\/chambrealfa.com\/es\/conferencia-el-sur\/\",\"url\":\"https:\/\/chambrealfa.com\/es\/conferencia-el-sur\/\",\"name\":\"Conferencia - Caf\u00e9 El Sur - ALFA\",\"isPartOf\":{\"@id\":\"https:\/\/chambrealfa.com\/es\/#website\"},\"primaryImageOfPage\":{\"@id\":\"https:\/\/chambrealfa.com\/es\/conferencia-el-sur\/#primaryimage\"},\"image\":{\"@id\":\"https:\/\/chambrealfa.com\/es\/conferencia-el-sur\/#primaryimage\"},\"thumbnailUrl\":\"https:\/\/chambrealfa.com\/wp-content\/uploads\/2024\/04\/100-jours.jpg\",\"datePublished\":\"2024-04-25T17:03:14+00:00\",\"dateModified\":\"2024-05-24T22:42:49+00:00\",\"author\":{\"@id\":\"https:\/\/chambrealfa.com\/es\/#\/schema\/person\/3b3e2b7a3b07e7a35ab7aa4ddcf4b5cf\"},\"breadcrumb\":{\"@id\":\"https:\/\/chambrealfa.com\/es\/conferencia-el-sur\/#breadcrumb\"},\"inLanguage\":\"es\",\"potentialAction\":[{\"@type\":\"ReadAction\",\"target\":[\"https:\/\/chambrealfa.com\/es\/conferencia-el-sur\/\"]}]},{\"@type\":\"ImageObject\",\"inLanguage\":\"es\",\"@id\":\"https:\/\/chambrealfa.com\/es\/conferencia-el-sur\/#primaryimage\",\"url\":\"https:\/\/chambrealfa.com\/wp-content\/uploads\/2024\/04\/100-jours.jpg\",\"contentUrl\":\"https:\/\/chambrealfa.com\/wp-content\/uploads\/2024\/04\/100-jours.jpg\",\"width\":495,\"height\":400},{\"@type\":\"BreadcrumbList\",\"@id\":\"https:\/\/chambrealfa.com\/es\/conferencia-el-sur\/#breadcrumb\",\"itemListElement\":[{\"@type\":\"ListItem\",\"position\":1,\"name\":\"Portada\",\"item\":\"https:\/\/chambrealfa.com\/es\/\"},{\"@type\":\"ListItem\",\"position\":2,\"name\":\"Conferencia &#8211; Caf\u00e9 El Sur\"}]},{\"@type\":\"WebSite\",\"@id\":\"https:\/\/chambrealfa.com\/es\/#website\",\"url\":\"https:\/\/chambrealfa.com\/es\/\",\"name\":\"ALFA\",\"description\":\"Business Forum Argentine France\",\"potentialAction\":[{\"@type\":\"SearchAction\",\"target\":{\"@type\":\"EntryPoint\",\"urlTemplate\":\"https:\/\/chambrealfa.com\/es\/?s={search_term_string}\"},\"query-input\":{\"@type\":\"PropertyValueSpecification\",\"valueRequired\":true,\"valueName\":\"search_term_string\"}}],\"inLanguage\":\"es\"},{\"@type\":\"Person\",\"@id\":\"https:\/\/chambrealfa.com\/es\/#\/schema\/person\/3b3e2b7a3b07e7a35ab7aa4ddcf4b5cf\",\"name\":\"Matias Mercado\",\"image\":{\"@type\":\"ImageObject\",\"inLanguage\":\"es\",\"@id\":\"https:\/\/chambrealfa.com\/es\/#\/schema\/person\/image\/\",\"url\":\"https:\/\/secure.gravatar.com\/avatar\/1d0e4a0c7c20403ad4cb3ff150f61f881a44cf7b1a999513b197d29a9a66eb1d?s=96&d=mm&r=g\",\"contentUrl\":\"https:\/\/secure.gravatar.com\/avatar\/1d0e4a0c7c20403ad4cb3ff150f61f881a44cf7b1a999513b197d29a9a66eb1d?s=96&d=mm&r=g\",\"caption\":\"Matias Mercado\"},\"sameAs\":[\"https:\/\/www.cocoa.group\/fr\",\"https:\/\/www.linkedin.com\/in\/matias-mercado\"],\"url\":\"https:\/\/chambrealfa.com\/es\/author\/cocoagroup\/\"}]}<\/script>\n<!-- \/ Yoast SEO plugin. -->","yoast_head_json":{"title":"Conferencia - Caf\u00e9 El Sur - ALFA","robots":{"index":"index","follow":"follow","max-snippet":"max-snippet:-1","max-image-preview":"max-image-preview:large","max-video-preview":"max-video-preview:-1"},"canonical":"https:\/\/chambrealfa.com\/es\/conferencia-el-sur\/","og_locale":"es_ES","og_type":"article","og_title":"Conferencia - Caf\u00e9 El Sur - ALFA","og_description":"Los 100 primeros d\u00edas de Javier Milei.","og_url":"https:\/\/chambrealfa.com\/es\/conferencia-el-sur\/","og_site_name":"ALFA","article_published_time":"2024-04-25T17:03:14+00:00","article_modified_time":"2024-05-24T22:42:49+00:00","og_image":[{"width":495,"height":400,"url":"https:\/\/chambrealfa.com\/wp-content\/uploads\/2024\/04\/100-jours.jpg","type":"image\/jpeg"}],"author":"Matias Mercado","twitter_card":"summary_large_image","twitter_misc":{"Escrito por":"Matias Mercado","Tiempo de lectura":"2 minutos"},"schema":{"@context":"https:\/\/schema.org","@graph":[{"@type":"Article","@id":"https:\/\/chambrealfa.com\/es\/conferencia-el-sur\/#article","isPartOf":{"@id":"https:\/\/chambrealfa.com\/es\/conferencia-el-sur\/"},"author":{"name":"Matias Mercado","@id":"https:\/\/chambrealfa.com\/es\/#\/schema\/person\/3b3e2b7a3b07e7a35ab7aa4ddcf4b5cf"},"headline":"Conferencia &#8211; Caf\u00e9 El Sur","datePublished":"2024-04-25T17:03:14+00:00","dateModified":"2024-05-24T22:42:49+00:00","mainEntityOfPage":{"@id":"https:\/\/chambrealfa.com\/es\/conferencia-el-sur\/"},"wordCount":1054,"image":{"@id":"https:\/\/chambrealfa.com\/es\/conferencia-el-sur\/#primaryimage"},"thumbnailUrl":"https:\/\/chambrealfa.com\/wp-content\/uploads\/2024\/04\/100-jours.jpg","articleSection":["Actividades"],"inLanguage":"es"},{"@type":"WebPage","@id":"https:\/\/chambrealfa.com\/es\/conferencia-el-sur\/","url":"https:\/\/chambrealfa.com\/es\/conferencia-el-sur\/","name":"Conferencia - Caf\u00e9 El Sur - ALFA","isPartOf":{"@id":"https:\/\/chambrealfa.com\/es\/#website"},"primaryImageOfPage":{"@id":"https:\/\/chambrealfa.com\/es\/conferencia-el-sur\/#primaryimage"},"image":{"@id":"https:\/\/chambrealfa.com\/es\/conferencia-el-sur\/#primaryimage"},"thumbnailUrl":"https:\/\/chambrealfa.com\/wp-content\/uploads\/2024\/04\/100-jours.jpg","datePublished":"2024-04-25T17:03:14+00:00","dateModified":"2024-05-24T22:42:49+00:00","author":{"@id":"https:\/\/chambrealfa.com\/es\/#\/schema\/person\/3b3e2b7a3b07e7a35ab7aa4ddcf4b5cf"},"breadcrumb":{"@id":"https:\/\/chambrealfa.com\/es\/conferencia-el-sur\/#breadcrumb"},"inLanguage":"es","potentialAction":[{"@type":"ReadAction","target":["https:\/\/chambrealfa.com\/es\/conferencia-el-sur\/"]}]},{"@type":"ImageObject","inLanguage":"es","@id":"https:\/\/chambrealfa.com\/es\/conferencia-el-sur\/#primaryimage","url":"https:\/\/chambrealfa.com\/wp-content\/uploads\/2024\/04\/100-jours.jpg","contentUrl":"https:\/\/chambrealfa.com\/wp-content\/uploads\/2024\/04\/100-jours.jpg","width":495,"height":400},{"@type":"BreadcrumbList","@id":"https:\/\/chambrealfa.com\/es\/conferencia-el-sur\/#breadcrumb","itemListElement":[{"@type":"ListItem","position":1,"name":"Portada","item":"https:\/\/chambrealfa.com\/es\/"},{"@type":"ListItem","position":2,"name":"Conferencia &#8211; Caf\u00e9 El Sur"}]},{"@type":"WebSite","@id":"https:\/\/chambrealfa.com\/es\/#website","url":"https:\/\/chambrealfa.com\/es\/","name":"ALFA","description":"Business Forum Argentine France","potentialAction":[{"@type":"SearchAction","target":{"@type":"EntryPoint","urlTemplate":"https:\/\/chambrealfa.com\/es\/?s={search_term_string}"},"query-input":{"@type":"PropertyValueSpecification","valueRequired":true,"valueName":"search_term_string"}}],"inLanguage":"es"},{"@type":"Person","@id":"https:\/\/chambrealfa.com\/es\/#\/schema\/person\/3b3e2b7a3b07e7a35ab7aa4ddcf4b5cf","name":"Matias Mercado","image":{"@type":"ImageObject","inLanguage":"es","@id":"https:\/\/chambrealfa.com\/es\/#\/schema\/person\/image\/","url":"https:\/\/secure.gravatar.com\/avatar\/1d0e4a0c7c20403ad4cb3ff150f61f881a44cf7b1a999513b197d29a9a66eb1d?s=96&d=mm&r=g","contentUrl":"https:\/\/secure.gravatar.com\/avatar\/1d0e4a0c7c20403ad4cb3ff150f61f881a44cf7b1a999513b197d29a9a66eb1d?s=96&d=mm&r=g","caption":"Matias Mercado"},"sameAs":["https:\/\/www.cocoa.group\/fr","https:\/\/www.linkedin.com\/in\/matias-mercado"],"url":"https:\/\/chambrealfa.com\/es\/author\/cocoagroup\/"}]}},"publishpress_future_action":{"enabled":false,"date":"2026-05-07 00:28:07","action":"change-status","newStatus":"draft","terms":[],"taxonomy":"category","extraData":[]},"publishpress_future_workflow_manual_trigger":{"enabledWorkflows":[]},"_links":{"self":[{"href":"https:\/\/chambrealfa.com\/es\/wp-json\/wp\/v2\/posts\/2204","targetHints":{"allow":["GET"]}}],"collection":[{"href":"https:\/\/chambrealfa.com\/es\/wp-json\/wp\/v2\/posts"}],"about":[{"href":"https:\/\/chambrealfa.com\/es\/wp-json\/wp\/v2\/types\/post"}],"author":[{"embeddable":true,"href":"https:\/\/chambrealfa.com\/es\/wp-json\/wp\/v2\/users\/2"}],"replies":[{"embeddable":true,"href":"https:\/\/chambrealfa.com\/es\/wp-json\/wp\/v2\/comments?post=2204"}],"version-history":[{"count":4,"href":"https:\/\/chambrealfa.com\/es\/wp-json\/wp\/v2\/posts\/2204\/revisions"}],"predecessor-version":[{"id":2206,"href":"https:\/\/chambrealfa.com\/es\/wp-json\/wp\/v2\/posts\/2204\/revisions\/2206"}],"wp:featuredmedia":[{"embeddable":true,"href":"https:\/\/chambrealfa.com\/es\/wp-json\/wp\/v2\/media\/2209"}],"wp:attachment":[{"href":"https:\/\/chambrealfa.com\/es\/wp-json\/wp\/v2\/media?parent=2204"}],"wp:term":[{"taxonomy":"category","embeddable":true,"href":"https:\/\/chambrealfa.com\/es\/wp-json\/wp\/v2\/categories?post=2204"},{"taxonomy":"post_tag","embeddable":true,"href":"https:\/\/chambrealfa.com\/es\/wp-json\/wp\/v2\/tags?post=2204"}],"curies":[{"name":"wp","href":"https:\/\/api.w.org\/{rel}","templated":true}]}}