{"id":2141,"date":"2024-01-24T14:41:54","date_gmt":"2024-01-24T14:41:54","guid":{"rendered":"https:\/\/chambrealfa.com\/?p=2141"},"modified":"2024-04-03T14:52:28","modified_gmt":"2024-04-03T14:52:28","slug":"evento-privado-galerie-artivistas","status":"publish","type":"post","link":"https:\/\/chambrealfa.com\/es\/evento-privado-galerie-artivistas\/","title":{"rendered":"Evento privado \u2013  Galer\u00eda Artivistas"},"content":{"rendered":"<div  class='flex_column av-av_two_third-d846867a37b468541bc8830743d44203 av_two_third  avia-builder-el-0  el_before_av_one_third  avia-builder-el-first  first flex_column_div  '     ><p><div  class='avia-slideshow av-lujx2bpj-0f147f5b1bbcc8e93f45d8b96ac56586 avia-slideshow-no scaling av_slideshow avia-fade-slider  avia-builder-el-1  el_before_av_hr  avia-builder-el-first  av-slideshow-ui av-control-default av-slideshow-autoplay av-loop-endless av-loop-manual-endless av-default-height-applied avia-slideshow-1' data-slideshow-options=\"{&quot;animation&quot;:&quot;fade&quot;,&quot;autoplay&quot;:true,&quot;loop_autoplay&quot;:&quot;endless&quot;,&quot;interval&quot;:4,&quot;loop_manual&quot;:&quot;manual-endless&quot;,&quot;autoplay_stopper&quot;:false,&quot;noNavigation&quot;:false,&quot;bg_slider&quot;:false,&quot;keep_padding&quot;:false,&quot;hoverpause&quot;:false,&quot;show_slide_delay&quot;:0}\"  itemprop=\"image\" itemscope=\"itemscope\" itemtype=\"https:\/\/schema.org\/ImageObject\" ><ul class='avia-slideshow-inner ' style='padding-bottom: 75%;'><li  class='avia-slideshow-slide av-lujx2bpj-0f147f5b1bbcc8e93f45d8b96ac56586__0  slide-1 slide-odd'><div data-rel='slideshow-1' class='avia-slide-wrap '   ><img decoding=\"async\" fetchpriority=\"high\" class=\"wp-image-2138 avia-img-lazy-loading-not-2138\"  src=\"https:\/\/chambrealfa.com\/wp-content\/uploads\/2024\/04\/1706639241405.jpg\" width=\"900\" height=\"675\" title='1706639241405' alt=''  itemprop=\"thumbnailUrl\" srcset=\"https:\/\/chambrealfa.com\/wp-content\/uploads\/2024\/04\/1706639241405.jpg 900w, https:\/\/chambrealfa.com\/wp-content\/uploads\/2024\/04\/1706639241405-300x225.jpg 300w, https:\/\/chambrealfa.com\/wp-content\/uploads\/2024\/04\/1706639241405-768x576.jpg 768w, https:\/\/chambrealfa.com\/wp-content\/uploads\/2024\/04\/1706639241405-705x529.jpg 705w\" sizes=\"(max-width: 900px) 100vw, 900px\" \/><\/div><\/li><li  class='avia-slideshow-slide av-lujx2bpj-0f147f5b1bbcc8e93f45d8b96ac56586__1  slide-2 slide-even'><div data-rel='slideshow-1' class='avia-slide-wrap '   ><img decoding=\"async\" fetchpriority=\"high\" class=\"wp-image-2136 avia-img-lazy-loading-not-2136\"  src=\"https:\/\/chambrealfa.com\/wp-content\/uploads\/2024\/04\/1706639241210.jpg\" width=\"900\" height=\"675\" title='1706639241210' alt=''  itemprop=\"thumbnailUrl\" srcset=\"https:\/\/chambrealfa.com\/wp-content\/uploads\/2024\/04\/1706639241210.jpg 900w, https:\/\/chambrealfa.com\/wp-content\/uploads\/2024\/04\/1706639241210-300x225.jpg 300w, https:\/\/chambrealfa.com\/wp-content\/uploads\/2024\/04\/1706639241210-768x576.jpg 768w, https:\/\/chambrealfa.com\/wp-content\/uploads\/2024\/04\/1706639241210-705x529.jpg 705w\" sizes=\"(max-width: 900px) 100vw, 900px\" \/><\/div><\/li><li  class='avia-slideshow-slide av-lujx2bpj-0f147f5b1bbcc8e93f45d8b96ac56586__2  slide-3 slide-odd'><div data-rel='slideshow-1' class='avia-slide-wrap '   ><img decoding=\"async\" fetchpriority=\"high\" class=\"wp-image-2134 avia-img-lazy-loading-not-2134\"  src=\"https:\/\/chambrealfa.com\/wp-content\/uploads\/2024\/04\/1706639240460.jpg\" width=\"900\" height=\"675\" title='1706639240460' alt=''  itemprop=\"thumbnailUrl\" srcset=\"https:\/\/chambrealfa.com\/wp-content\/uploads\/2024\/04\/1706639240460.jpg 900w, https:\/\/chambrealfa.com\/wp-content\/uploads\/2024\/04\/1706639240460-300x225.jpg 300w, https:\/\/chambrealfa.com\/wp-content\/uploads\/2024\/04\/1706639240460-768x576.jpg 768w, https:\/\/chambrealfa.com\/wp-content\/uploads\/2024\/04\/1706639240460-705x529.jpg 705w\" sizes=\"(max-width: 900px) 100vw, 900px\" \/><\/div><\/li><\/ul><div class='avia-slideshow-arrows avia-slideshow-controls' ><a href='#prev' class='prev-slide  avia-svg-icon avia-font-svg_entypo-fontello' data-av_svg_icon='left-open-big' data-av_iconset='svg_entypo-fontello' tabindex='-1' title=\"Anterior\"><svg version=\"1.1\" xmlns=\"http:\/\/www.w3.org\/2000\/svg\" width=\"15\" height=\"32\" viewBox=\"0 0 15 32\" preserveAspectRatio=\"xMidYMid meet\" aria-labelledby='av-svg-title-1' aria-describedby='av-svg-desc-1' role=\"graphics-symbol\" aria-hidden=\"true\">\n<title id='av-svg-title-1'>Anterior<\/title>\n<desc id='av-svg-desc-1'>Anterior<\/desc>\n<path d=\"M14.464 27.84q0.832 0.832 0 1.536-0.832 0.832-1.536 0l-12.544-12.608q-0.768-0.768 0-1.6l12.544-12.608q0.704-0.832 1.536 0 0.832 0.704 0 1.536l-11.456 11.904z\"><\/path>\n<\/svg><span class='avia_hidden_link_text'>Anterior<\/span><\/a><a href='#next' class='next-slide  avia-svg-icon avia-font-svg_entypo-fontello' data-av_svg_icon='right-open-big' data-av_iconset='svg_entypo-fontello' tabindex='-1' title=\"Posterior\"><svg version=\"1.1\" xmlns=\"http:\/\/www.w3.org\/2000\/svg\" width=\"15\" height=\"32\" viewBox=\"0 0 15 32\" preserveAspectRatio=\"xMidYMid meet\" aria-labelledby='av-svg-title-2' aria-describedby='av-svg-desc-2' role=\"graphics-symbol\" aria-hidden=\"true\">\n<title id='av-svg-title-2'>Posterior<\/title>\n<desc id='av-svg-desc-2'>Posterior<\/desc>\n<path d=\"M0.416 27.84l11.456-11.84-11.456-11.904q-0.832-0.832 0-1.536 0.832-0.832 1.536 0l12.544 12.608q0.768 0.832 0 1.6l-12.544 12.608q-0.704 0.832-1.536 0-0.832-0.704 0-1.536z\"><\/path>\n<\/svg><span class='avia_hidden_link_text'>Posterior<\/span><\/a><\/div><div class='avia-slideshow-dots avia-slideshow-controls'><a href='#1' class='goto-slide active' >1<\/a><a href='#2' class='goto-slide ' >2<\/a><a href='#3' class='goto-slide ' >3<\/a><\/div><\/div><br \/>\n\n<style type=\"text\/css\" data-created_by=\"avia_inline_auto\" id=\"style-css-av-av_hr-d2f5dddf2ec7117400bfc78d474105a4\">\n#top .hr.hr-invisible.av-av_hr-d2f5dddf2ec7117400bfc78d474105a4{\nheight:16px;\n}\n<\/style>\n<div  class='hr av-av_hr-d2f5dddf2ec7117400bfc78d474105a4 hr-invisible  avia-builder-el-2  el_after_av_slideshow  el_before_av_textblock '><span class='hr-inner '><span class=\"hr-inner-style\"><\/span><\/span><\/div><br \/>\n<section  class='av_textblock_section av-lujx1xro-4dd00ff3eea40a1db7381e57b9be6dd6 '   itemscope=\"itemscope\" itemtype=\"https:\/\/schema.org\/BlogPosting\" itemprop=\"blogPost\" ><div class='avia_textblock'  itemprop=\"text\" ><p>ALFA a r\u00e9uni ses amis et ses membres \u00e0 la Galeria ARTIVISTAS pour saluer 2024 et ses deux ann\u00e9es de vie. Une belle occasion de partager sa strat\u00e9gie et les projets \u00e0 venir et de favoriser les \u00e9changes entre les participants. Accueillis chaleureusement par Paula Forteza dans ce lieu artistique du 9e arrondissement o\u00f9 les cr\u00e9ations latino-am\u00e9ricaines s&#8217;exposent sur d&#8217;anciennes boiseries, les participants (entrepreneurs, conseillers, fonctionnaires, journalistes) ont pu s&#8217;adonner \u00e0 de nombreux \u00e9changes, accompagn\u00e9s d&#8217;empanadas et de locro pr\u00e9par\u00e9s par Chango Le Traiteur Argentin avec son habituel talent et arros\u00e9s de vin argentin.<\/p>\n<\/div><\/section><\/p><\/div><div  class='flex_column av-av_one_third-337486787960716147ecfb4074cb91c6 av_one_third  avia-builder-el-4  el_after_av_two_third  avia-builder-el-last  flex_column_div  '     ><\/div><\/p>\n","protected":false},"excerpt":{"rendered":"<p>Festejo del a\u00f1o nuevo<\/p>\n","protected":false},"author":2,"featured_media":2132,"comment_status":"closed","ping_status":"closed","sticky":false,"template":"","format":"standard","meta":{"footnotes":""},"categories":[10],"tags":[],"class_list":["post-2141","post","type-post","status-publish","format-standard","has-post-thumbnail","hentry","category-actividades"],"yoast_head":"<!-- This site is optimized with the Yoast SEO plugin v27.1.1 - https:\/\/yoast.com\/product\/yoast-seo-wordpress\/ -->\n<title>Evento privado \u2013 Galer\u00eda Artivistas - ALFA<\/title>\n<meta name=\"robots\" content=\"index, follow, max-snippet:-1, max-image-preview:large, max-video-preview:-1\" \/>\n<link rel=\"canonical\" href=\"https:\/\/chambrealfa.com\/es\/evento-privado-galerie-artivistas\/\" \/>\n<meta property=\"og:locale\" content=\"es_ES\" \/>\n<meta property=\"og:type\" content=\"article\" \/>\n<meta property=\"og:title\" content=\"Evento privado \u2013 Galer\u00eda Artivistas - ALFA\" \/>\n<meta property=\"og:description\" content=\"Festejo del a\u00f1o nuevo\" \/>\n<meta property=\"og:url\" content=\"https:\/\/chambrealfa.com\/es\/evento-privado-galerie-artivistas\/\" \/>\n<meta property=\"og:site_name\" content=\"ALFA\" \/>\n<meta property=\"article:published_time\" content=\"2024-01-24T14:41:54+00:00\" \/>\n<meta property=\"article:modified_time\" content=\"2024-04-03T14:52:28+00:00\" \/>\n<meta property=\"og:image\" content=\"https:\/\/chambrealfa.com\/wp-content\/uploads\/2024\/04\/2024.01.24-ALFA-Nouvelle-annee-portada.jpg\" \/>\n\t<meta property=\"og:image:width\" content=\"495\" \/>\n\t<meta property=\"og:image:height\" content=\"400\" \/>\n\t<meta property=\"og:image:type\" content=\"image\/jpeg\" \/>\n<meta name=\"author\" content=\"Matias Mercado\" \/>\n<meta name=\"twitter:card\" content=\"summary_large_image\" \/>\n<meta name=\"twitter:label1\" content=\"Escrito por\" \/>\n\t<meta name=\"twitter:data1\" content=\"Matias Mercado\" \/>\n\t<meta name=\"twitter:label2\" content=\"Tiempo de lectura\" \/>\n\t<meta name=\"twitter:data2\" content=\"2 minutos\" \/>\n<script type=\"application\/ld+json\" class=\"yoast-schema-graph\">{\"@context\":\"https:\/\/schema.org\",\"@graph\":[{\"@type\":\"Article\",\"@id\":\"https:\/\/chambrealfa.com\/es\/evento-privado-galerie-artivistas\/#article\",\"isPartOf\":{\"@id\":\"https:\/\/chambrealfa.com\/es\/evento-privado-galerie-artivistas\/\"},\"author\":{\"name\":\"Matias Mercado\",\"@id\":\"https:\/\/chambrealfa.com\/es\/#\/schema\/person\/3b3e2b7a3b07e7a35ab7aa4ddcf4b5cf\"},\"headline\":\"Evento privado \u2013 Galer\u00eda Artivistas\",\"datePublished\":\"2024-01-24T14:41:54+00:00\",\"dateModified\":\"2024-04-03T14:52:28+00:00\",\"mainEntityOfPage\":{\"@id\":\"https:\/\/chambrealfa.com\/es\/evento-privado-galerie-artivistas\/\"},\"wordCount\":918,\"image\":{\"@id\":\"https:\/\/chambrealfa.com\/es\/evento-privado-galerie-artivistas\/#primaryimage\"},\"thumbnailUrl\":\"https:\/\/chambrealfa.com\/wp-content\/uploads\/2024\/04\/2024.01.24-ALFA-Nouvelle-annee-portada.jpg\",\"articleSection\":[\"Actividades\"],\"inLanguage\":\"es\"},{\"@type\":\"WebPage\",\"@id\":\"https:\/\/chambrealfa.com\/es\/evento-privado-galerie-artivistas\/\",\"url\":\"https:\/\/chambrealfa.com\/es\/evento-privado-galerie-artivistas\/\",\"name\":\"Evento privado \u2013 Galer\u00eda Artivistas - ALFA\",\"isPartOf\":{\"@id\":\"https:\/\/chambrealfa.com\/es\/#website\"},\"primaryImageOfPage\":{\"@id\":\"https:\/\/chambrealfa.com\/es\/evento-privado-galerie-artivistas\/#primaryimage\"},\"image\":{\"@id\":\"https:\/\/chambrealfa.com\/es\/evento-privado-galerie-artivistas\/#primaryimage\"},\"thumbnailUrl\":\"https:\/\/chambrealfa.com\/wp-content\/uploads\/2024\/04\/2024.01.24-ALFA-Nouvelle-annee-portada.jpg\",\"datePublished\":\"2024-01-24T14:41:54+00:00\",\"dateModified\":\"2024-04-03T14:52:28+00:00\",\"author\":{\"@id\":\"https:\/\/chambrealfa.com\/es\/#\/schema\/person\/3b3e2b7a3b07e7a35ab7aa4ddcf4b5cf\"},\"breadcrumb\":{\"@id\":\"https:\/\/chambrealfa.com\/es\/evento-privado-galerie-artivistas\/#breadcrumb\"},\"inLanguage\":\"es\",\"potentialAction\":[{\"@type\":\"ReadAction\",\"target\":[\"https:\/\/chambrealfa.com\/es\/evento-privado-galerie-artivistas\/\"]}]},{\"@type\":\"ImageObject\",\"inLanguage\":\"es\",\"@id\":\"https:\/\/chambrealfa.com\/es\/evento-privado-galerie-artivistas\/#primaryimage\",\"url\":\"https:\/\/chambrealfa.com\/wp-content\/uploads\/2024\/04\/2024.01.24-ALFA-Nouvelle-annee-portada.jpg\",\"contentUrl\":\"https:\/\/chambrealfa.com\/wp-content\/uploads\/2024\/04\/2024.01.24-ALFA-Nouvelle-annee-portada.jpg\",\"width\":495,\"height\":400},{\"@type\":\"BreadcrumbList\",\"@id\":\"https:\/\/chambrealfa.com\/es\/evento-privado-galerie-artivistas\/#breadcrumb\",\"itemListElement\":[{\"@type\":\"ListItem\",\"position\":1,\"name\":\"Portada\",\"item\":\"https:\/\/chambrealfa.com\/es\/\"},{\"@type\":\"ListItem\",\"position\":2,\"name\":\"Evento privado \u2013 Galer\u00eda Artivistas\"}]},{\"@type\":\"WebSite\",\"@id\":\"https:\/\/chambrealfa.com\/es\/#website\",\"url\":\"https:\/\/chambrealfa.com\/es\/\",\"name\":\"ALFA\",\"description\":\"Business Forum Argentine France\",\"potentialAction\":[{\"@type\":\"SearchAction\",\"target\":{\"@type\":\"EntryPoint\",\"urlTemplate\":\"https:\/\/chambrealfa.com\/es\/?s={search_term_string}\"},\"query-input\":{\"@type\":\"PropertyValueSpecification\",\"valueRequired\":true,\"valueName\":\"search_term_string\"}}],\"inLanguage\":\"es\"},{\"@type\":\"Person\",\"@id\":\"https:\/\/chambrealfa.com\/es\/#\/schema\/person\/3b3e2b7a3b07e7a35ab7aa4ddcf4b5cf\",\"name\":\"Matias Mercado\",\"image\":{\"@type\":\"ImageObject\",\"inLanguage\":\"es\",\"@id\":\"https:\/\/chambrealfa.com\/es\/#\/schema\/person\/image\/\",\"url\":\"https:\/\/secure.gravatar.com\/avatar\/1d0e4a0c7c20403ad4cb3ff150f61f881a44cf7b1a999513b197d29a9a66eb1d?s=96&d=mm&r=g\",\"contentUrl\":\"https:\/\/secure.gravatar.com\/avatar\/1d0e4a0c7c20403ad4cb3ff150f61f881a44cf7b1a999513b197d29a9a66eb1d?s=96&d=mm&r=g\",\"caption\":\"Matias Mercado\"},\"sameAs\":[\"https:\/\/www.cocoa.group\/fr\",\"https:\/\/www.linkedin.com\/in\/matias-mercado\"],\"url\":\"https:\/\/chambrealfa.com\/es\/author\/cocoagroup\/\"}]}<\/script>\n<!-- \/ Yoast SEO plugin. -->","yoast_head_json":{"title":"Evento privado \u2013 Galer\u00eda Artivistas - ALFA","robots":{"index":"index","follow":"follow","max-snippet":"max-snippet:-1","max-image-preview":"max-image-preview:large","max-video-preview":"max-video-preview:-1"},"canonical":"https:\/\/chambrealfa.com\/es\/evento-privado-galerie-artivistas\/","og_locale":"es_ES","og_type":"article","og_title":"Evento privado \u2013 Galer\u00eda Artivistas - ALFA","og_description":"Festejo del a\u00f1o nuevo","og_url":"https:\/\/chambrealfa.com\/es\/evento-privado-galerie-artivistas\/","og_site_name":"ALFA","article_published_time":"2024-01-24T14:41:54+00:00","article_modified_time":"2024-04-03T14:52:28+00:00","og_image":[{"width":495,"height":400,"url":"https:\/\/chambrealfa.com\/wp-content\/uploads\/2024\/04\/2024.01.24-ALFA-Nouvelle-annee-portada.jpg","type":"image\/jpeg"}],"author":"Matias Mercado","twitter_card":"summary_large_image","twitter_misc":{"Escrito por":"Matias Mercado","Tiempo de lectura":"2 minutos"},"schema":{"@context":"https:\/\/schema.org","@graph":[{"@type":"Article","@id":"https:\/\/chambrealfa.com\/es\/evento-privado-galerie-artivistas\/#article","isPartOf":{"@id":"https:\/\/chambrealfa.com\/es\/evento-privado-galerie-artivistas\/"},"author":{"name":"Matias Mercado","@id":"https:\/\/chambrealfa.com\/es\/#\/schema\/person\/3b3e2b7a3b07e7a35ab7aa4ddcf4b5cf"},"headline":"Evento privado \u2013 Galer\u00eda Artivistas","datePublished":"2024-01-24T14:41:54+00:00","dateModified":"2024-04-03T14:52:28+00:00","mainEntityOfPage":{"@id":"https:\/\/chambrealfa.com\/es\/evento-privado-galerie-artivistas\/"},"wordCount":918,"image":{"@id":"https:\/\/chambrealfa.com\/es\/evento-privado-galerie-artivistas\/#primaryimage"},"thumbnailUrl":"https:\/\/chambrealfa.com\/wp-content\/uploads\/2024\/04\/2024.01.24-ALFA-Nouvelle-annee-portada.jpg","articleSection":["Actividades"],"inLanguage":"es"},{"@type":"WebPage","@id":"https:\/\/chambrealfa.com\/es\/evento-privado-galerie-artivistas\/","url":"https:\/\/chambrealfa.com\/es\/evento-privado-galerie-artivistas\/","name":"Evento privado \u2013 Galer\u00eda Artivistas - ALFA","isPartOf":{"@id":"https:\/\/chambrealfa.com\/es\/#website"},"primaryImageOfPage":{"@id":"https:\/\/chambrealfa.com\/es\/evento-privado-galerie-artivistas\/#primaryimage"},"image":{"@id":"https:\/\/chambrealfa.com\/es\/evento-privado-galerie-artivistas\/#primaryimage"},"thumbnailUrl":"https:\/\/chambrealfa.com\/wp-content\/uploads\/2024\/04\/2024.01.24-ALFA-Nouvelle-annee-portada.jpg","datePublished":"2024-01-24T14:41:54+00:00","dateModified":"2024-04-03T14:52:28+00:00","author":{"@id":"https:\/\/chambrealfa.com\/es\/#\/schema\/person\/3b3e2b7a3b07e7a35ab7aa4ddcf4b5cf"},"breadcrumb":{"@id":"https:\/\/chambrealfa.com\/es\/evento-privado-galerie-artivistas\/#breadcrumb"},"inLanguage":"es","potentialAction":[{"@type":"ReadAction","target":["https:\/\/chambrealfa.com\/es\/evento-privado-galerie-artivistas\/"]}]},{"@type":"ImageObject","inLanguage":"es","@id":"https:\/\/chambrealfa.com\/es\/evento-privado-galerie-artivistas\/#primaryimage","url":"https:\/\/chambrealfa.com\/wp-content\/uploads\/2024\/04\/2024.01.24-ALFA-Nouvelle-annee-portada.jpg","contentUrl":"https:\/\/chambrealfa.com\/wp-content\/uploads\/2024\/04\/2024.01.24-ALFA-Nouvelle-annee-portada.jpg","width":495,"height":400},{"@type":"BreadcrumbList","@id":"https:\/\/chambrealfa.com\/es\/evento-privado-galerie-artivistas\/#breadcrumb","itemListElement":[{"@type":"ListItem","position":1,"name":"Portada","item":"https:\/\/chambrealfa.com\/es\/"},{"@type":"ListItem","position":2,"name":"Evento privado \u2013 Galer\u00eda Artivistas"}]},{"@type":"WebSite","@id":"https:\/\/chambrealfa.com\/es\/#website","url":"https:\/\/chambrealfa.com\/es\/","name":"ALFA","description":"Business Forum Argentine France","potentialAction":[{"@type":"SearchAction","target":{"@type":"EntryPoint","urlTemplate":"https:\/\/chambrealfa.com\/es\/?s={search_term_string}"},"query-input":{"@type":"PropertyValueSpecification","valueRequired":true,"valueName":"search_term_string"}}],"inLanguage":"es"},{"@type":"Person","@id":"https:\/\/chambrealfa.com\/es\/#\/schema\/person\/3b3e2b7a3b07e7a35ab7aa4ddcf4b5cf","name":"Matias Mercado","image":{"@type":"ImageObject","inLanguage":"es","@id":"https:\/\/chambrealfa.com\/es\/#\/schema\/person\/image\/","url":"https:\/\/secure.gravatar.com\/avatar\/1d0e4a0c7c20403ad4cb3ff150f61f881a44cf7b1a999513b197d29a9a66eb1d?s=96&d=mm&r=g","contentUrl":"https:\/\/secure.gravatar.com\/avatar\/1d0e4a0c7c20403ad4cb3ff150f61f881a44cf7b1a999513b197d29a9a66eb1d?s=96&d=mm&r=g","caption":"Matias Mercado"},"sameAs":["https:\/\/www.cocoa.group\/fr","https:\/\/www.linkedin.com\/in\/matias-mercado"],"url":"https:\/\/chambrealfa.com\/es\/author\/cocoagroup\/"}]}},"publishpress_future_action":{"enabled":false,"date":"2026-05-07 00:13:37","action":"change-status","newStatus":"draft","terms":[],"taxonomy":"category","extraData":[]},"publishpress_future_workflow_manual_trigger":{"enabledWorkflows":[]},"_links":{"self":[{"href":"https:\/\/chambrealfa.com\/es\/wp-json\/wp\/v2\/posts\/2141","targetHints":{"allow":["GET"]}}],"collection":[{"href":"https:\/\/chambrealfa.com\/es\/wp-json\/wp\/v2\/posts"}],"about":[{"href":"https:\/\/chambrealfa.com\/es\/wp-json\/wp\/v2\/types\/post"}],"author":[{"embeddable":true,"href":"https:\/\/chambrealfa.com\/es\/wp-json\/wp\/v2\/users\/2"}],"replies":[{"embeddable":true,"href":"https:\/\/chambrealfa.com\/es\/wp-json\/wp\/v2\/comments?post=2141"}],"version-history":[{"count":3,"href":"https:\/\/chambrealfa.com\/es\/wp-json\/wp\/v2\/posts\/2141\/revisions"}],"predecessor-version":[{"id":2154,"href":"https:\/\/chambrealfa.com\/es\/wp-json\/wp\/v2\/posts\/2141\/revisions\/2154"}],"wp:featuredmedia":[{"embeddable":true,"href":"https:\/\/chambrealfa.com\/es\/wp-json\/wp\/v2\/media\/2132"}],"wp:attachment":[{"href":"https:\/\/chambrealfa.com\/es\/wp-json\/wp\/v2\/media?parent=2141"}],"wp:term":[{"taxonomy":"category","embeddable":true,"href":"https:\/\/chambrealfa.com\/es\/wp-json\/wp\/v2\/categories?post=2141"},{"taxonomy":"post_tag","embeddable":true,"href":"https:\/\/chambrealfa.com\/es\/wp-json\/wp\/v2\/tags?post=2141"}],"curies":[{"name":"wp","href":"https:\/\/api.w.org\/{rel}","templated":true}]}}