{"id":1824,"date":"2023-06-16T16:42:19","date_gmt":"2023-06-16T16:42:19","guid":{"rendered":"http:\/\/chambrealfa.com\/?p=1824"},"modified":"2023-07-10T16:46:34","modified_gmt":"2023-07-10T16:46:34","slug":"charla-escp-republique-2","status":"publish","type":"post","link":"https:\/\/chambrealfa.com\/es\/charla-escp-republique-2\/","title":{"rendered":"Charla \u2013  ESCP R\u00e9publique"},"content":{"rendered":"<div  class='flex_column av-av_two_third-d846867a37b468541bc8830743d44203 av_two_third  avia-builder-el-0  el_before_av_one_third  avia-builder-el-first  first flex_column_div  '     ><p>\n<style type=\"text\/css\" data-created_by=\"avia_inline_auto\" id=\"style-css-av-av_image-5b629d1806774f8b92d61c3ae9647558\">\n.avia-image-container.av-av_image-5b629d1806774f8b92d61c3ae9647558 img.avia_image{\nbox-shadow:none;\n}\n.avia-image-container.av-av_image-5b629d1806774f8b92d61c3ae9647558 .av-image-caption-overlay-center{\ncolor:#ffffff;\n}\n<\/style>\n<div  class='avia-image-container av-av_image-5b629d1806774f8b92d61c3ae9647558 av-styling- avia-align-left  avia-builder-el-1  el_before_av_hr  avia-builder-el-first '   itemprop=\"image\" itemscope=\"itemscope\" itemtype=\"https:\/\/schema.org\/ImageObject\" ><div class=\"avia-image-container-inner\"><div class=\"avia-image-overlay-wrap\"><img decoding=\"async\" fetchpriority=\"high\" class='wp-image-1812 avia-img-lazy-loading-not-1812 avia_image ' src=\"https:\/\/chambrealfa.com\/wp-content\/uploads\/2023\/07\/2023.06.16-ALFA-Marcelo-Elizondo-1030x1030.jpg\" alt='' title='2023.06.16-ALFA-Marcelo Elizondo'  height=\"1030\" width=\"1030\"  itemprop=\"thumbnailUrl\" srcset=\"https:\/\/chambrealfa.com\/wp-content\/uploads\/2023\/07\/2023.06.16-ALFA-Marcelo-Elizondo-1030x1030.jpg 1030w, https:\/\/chambrealfa.com\/wp-content\/uploads\/2023\/07\/2023.06.16-ALFA-Marcelo-Elizondo-300x300.jpg 300w, https:\/\/chambrealfa.com\/wp-content\/uploads\/2023\/07\/2023.06.16-ALFA-Marcelo-Elizondo-80x80.jpg 80w, https:\/\/chambrealfa.com\/wp-content\/uploads\/2023\/07\/2023.06.16-ALFA-Marcelo-Elizondo-768x768.jpg 768w, https:\/\/chambrealfa.com\/wp-content\/uploads\/2023\/07\/2023.06.16-ALFA-Marcelo-Elizondo-36x36.jpg 36w, https:\/\/chambrealfa.com\/wp-content\/uploads\/2023\/07\/2023.06.16-ALFA-Marcelo-Elizondo-180x180.jpg 180w, https:\/\/chambrealfa.com\/wp-content\/uploads\/2023\/07\/2023.06.16-ALFA-Marcelo-Elizondo-705x705.jpg 705w, https:\/\/chambrealfa.com\/wp-content\/uploads\/2023\/07\/2023.06.16-ALFA-Marcelo-Elizondo.jpg 1067w\" sizes=\"(max-width: 1030px) 100vw, 1030px\" \/><\/div><\/div><\/div><br \/>\n\n<style type=\"text\/css\" data-created_by=\"avia_inline_auto\" id=\"style-css-av-av_hr-d2f5dddf2ec7117400bfc78d474105a4\">\n#top .hr.hr-invisible.av-av_hr-d2f5dddf2ec7117400bfc78d474105a4{\nheight:16px;\n}\n<\/style>\n<div  class='hr av-av_hr-d2f5dddf2ec7117400bfc78d474105a4 hr-invisible  avia-builder-el-2  el_after_av_image  el_before_av_textblock '><span class='hr-inner '><span class=\"hr-inner-style\"><\/span><\/span><\/div><br \/>\n<section  class='av_textblock_section av-av_textblock-0165d6d04a7ef8dcb05aced91fa9179c '   itemscope=\"itemscope\" itemtype=\"https:\/\/schema.org\/BlogPosting\" itemprop=\"blogPost\" ><div class='avia_textblock'  itemprop=\"text\" ><p>Conferencia organizada conjuntamente por ALFA y CERALE.<\/p>\n<p>Marcelo Elizondo present\u00f3 el nuevo escenario que se abre con las elecciones generales de octubre de 2023. Analiz\u00f3 el posicionamiento de la econom\u00eda argentina en el entorno regional e internacional as\u00ed como las oportunidades para las empresas nacionales y extranjeras. Tras se\u00f1alar los cuellos de botella generados a lo largo de m\u00e1s de dos d\u00e9cadas (d\u00e9ficit fiscal, bajo nivel de reservas, endeudamiento, inflaci\u00f3n, atraso cambiario, escasa apertura, regulaciones excesivas), el orador analiz\u00f3 los sectores que deber\u00edan empujar el crecimiento tras la contienda electoral: bioenerg\u00eda, alimentos de calidad, infraestructura, sector digital, minerales&#8230; y otras actividades relacionadas con el desarrollo tecnol\u00f3gico y la disponibilidad de recursos humanos de calidad.<\/p>\n<\/div><\/section><\/p><\/div>\n<div  class='flex_column av-av_one_third-337486787960716147ecfb4074cb91c6 av_one_third  avia-builder-el-4  el_after_av_two_third  avia-builder-el-last  flex_column_div  '     ><\/div>\n","protected":false},"excerpt":{"rendered":"<p>&#8220;Argentina 2024: perspectivas econ\u00f3micas y oportunidades para el sector empresarial&#8221;<\/p>\n","protected":false},"author":2,"featured_media":1832,"comment_status":"closed","ping_status":"closed","sticky":false,"template":"","format":"standard","meta":{"footnotes":""},"categories":[10],"tags":[],"class_list":["post-1824","post","type-post","status-publish","format-standard","has-post-thumbnail","hentry","category-actividades"],"yoast_head":"<!-- This site is optimized with the Yoast SEO plugin v27.1.1 - https:\/\/yoast.com\/product\/yoast-seo-wordpress\/ -->\n<title>Charla \u2013 ESCP R\u00e9publique - ALFA<\/title>\n<meta name=\"robots\" content=\"index, follow, max-snippet:-1, max-image-preview:large, max-video-preview:-1\" \/>\n<link rel=\"canonical\" href=\"https:\/\/chambrealfa.com\/es\/charla-escp-republique-2\/\" \/>\n<meta property=\"og:locale\" content=\"es_ES\" \/>\n<meta property=\"og:type\" content=\"article\" \/>\n<meta property=\"og:title\" content=\"Charla \u2013 ESCP R\u00e9publique - ALFA\" \/>\n<meta property=\"og:description\" content=\"&quot;Argentina 2024: perspectivas econ\u00f3micas y oportunidades para el sector empresarial&quot;\" \/>\n<meta property=\"og:url\" content=\"https:\/\/chambrealfa.com\/es\/charla-escp-republique-2\/\" \/>\n<meta property=\"og:site_name\" content=\"ALFA\" \/>\n<meta property=\"article:published_time\" content=\"2023-06-16T16:42:19+00:00\" \/>\n<meta property=\"article:modified_time\" content=\"2023-07-10T16:46:34+00:00\" \/>\n<meta property=\"og:image\" content=\"https:\/\/chambrealfa.com\/wp-content\/uploads\/2023\/04\/Elizondo-portada.jpg\" \/>\n\t<meta property=\"og:image:width\" content=\"495\" \/>\n\t<meta property=\"og:image:height\" content=\"400\" \/>\n\t<meta property=\"og:image:type\" content=\"image\/jpeg\" \/>\n<meta name=\"author\" content=\"Matias Mercado\" \/>\n<meta name=\"twitter:card\" content=\"summary_large_image\" \/>\n<meta name=\"twitter:label1\" content=\"Escrito por\" \/>\n\t<meta name=\"twitter:data1\" content=\"Matias Mercado\" \/>\n\t<meta name=\"twitter:label2\" content=\"Tiempo de lectura\" \/>\n\t<meta name=\"twitter:data2\" content=\"3 minutos\" \/>\n<script type=\"application\/ld+json\" class=\"yoast-schema-graph\">{\"@context\":\"https:\/\/schema.org\",\"@graph\":[{\"@type\":\"Article\",\"@id\":\"https:\/\/chambrealfa.com\/es\/charla-escp-republique-2\/#article\",\"isPartOf\":{\"@id\":\"https:\/\/chambrealfa.com\/es\/charla-escp-republique-2\/\"},\"author\":{\"name\":\"Matias Mercado\",\"@id\":\"https:\/\/chambrealfa.com\/es\/#\/schema\/person\/3b3e2b7a3b07e7a35ab7aa4ddcf4b5cf\"},\"headline\":\"Charla \u2013 ESCP R\u00e9publique\",\"datePublished\":\"2023-06-16T16:42:19+00:00\",\"dateModified\":\"2023-07-10T16:46:34+00:00\",\"mainEntityOfPage\":{\"@id\":\"https:\/\/chambrealfa.com\/es\/charla-escp-republique-2\/\"},\"wordCount\":1169,\"image\":{\"@id\":\"https:\/\/chambrealfa.com\/es\/charla-escp-republique-2\/#primaryimage\"},\"thumbnailUrl\":\"https:\/\/chambrealfa.com\/wp-content\/uploads\/2023\/04\/Elizondo-portada.jpg\",\"articleSection\":[\"Actividades\"],\"inLanguage\":\"es\"},{\"@type\":\"WebPage\",\"@id\":\"https:\/\/chambrealfa.com\/es\/charla-escp-republique-2\/\",\"url\":\"https:\/\/chambrealfa.com\/es\/charla-escp-republique-2\/\",\"name\":\"Charla \u2013 ESCP R\u00e9publique - ALFA\",\"isPartOf\":{\"@id\":\"https:\/\/chambrealfa.com\/es\/#website\"},\"primaryImageOfPage\":{\"@id\":\"https:\/\/chambrealfa.com\/es\/charla-escp-republique-2\/#primaryimage\"},\"image\":{\"@id\":\"https:\/\/chambrealfa.com\/es\/charla-escp-republique-2\/#primaryimage\"},\"thumbnailUrl\":\"https:\/\/chambrealfa.com\/wp-content\/uploads\/2023\/04\/Elizondo-portada.jpg\",\"datePublished\":\"2023-06-16T16:42:19+00:00\",\"dateModified\":\"2023-07-10T16:46:34+00:00\",\"author\":{\"@id\":\"https:\/\/chambrealfa.com\/es\/#\/schema\/person\/3b3e2b7a3b07e7a35ab7aa4ddcf4b5cf\"},\"breadcrumb\":{\"@id\":\"https:\/\/chambrealfa.com\/es\/charla-escp-republique-2\/#breadcrumb\"},\"inLanguage\":\"es\",\"potentialAction\":[{\"@type\":\"ReadAction\",\"target\":[\"https:\/\/chambrealfa.com\/es\/charla-escp-republique-2\/\"]}]},{\"@type\":\"ImageObject\",\"inLanguage\":\"es\",\"@id\":\"https:\/\/chambrealfa.com\/es\/charla-escp-republique-2\/#primaryimage\",\"url\":\"https:\/\/chambrealfa.com\/wp-content\/uploads\/2023\/04\/Elizondo-portada.jpg\",\"contentUrl\":\"https:\/\/chambrealfa.com\/wp-content\/uploads\/2023\/04\/Elizondo-portada.jpg\",\"width\":495,\"height\":400},{\"@type\":\"BreadcrumbList\",\"@id\":\"https:\/\/chambrealfa.com\/es\/charla-escp-republique-2\/#breadcrumb\",\"itemListElement\":[{\"@type\":\"ListItem\",\"position\":1,\"name\":\"Portada\",\"item\":\"https:\/\/chambrealfa.com\/es\/\"},{\"@type\":\"ListItem\",\"position\":2,\"name\":\"Charla \u2013 ESCP R\u00e9publique\"}]},{\"@type\":\"WebSite\",\"@id\":\"https:\/\/chambrealfa.com\/es\/#website\",\"url\":\"https:\/\/chambrealfa.com\/es\/\",\"name\":\"ALFA\",\"description\":\"Business Forum Argentine France\",\"potentialAction\":[{\"@type\":\"SearchAction\",\"target\":{\"@type\":\"EntryPoint\",\"urlTemplate\":\"https:\/\/chambrealfa.com\/es\/?s={search_term_string}\"},\"query-input\":{\"@type\":\"PropertyValueSpecification\",\"valueRequired\":true,\"valueName\":\"search_term_string\"}}],\"inLanguage\":\"es\"},{\"@type\":\"Person\",\"@id\":\"https:\/\/chambrealfa.com\/es\/#\/schema\/person\/3b3e2b7a3b07e7a35ab7aa4ddcf4b5cf\",\"name\":\"Matias Mercado\",\"image\":{\"@type\":\"ImageObject\",\"inLanguage\":\"es\",\"@id\":\"https:\/\/chambrealfa.com\/es\/#\/schema\/person\/image\/\",\"url\":\"https:\/\/secure.gravatar.com\/avatar\/1d0e4a0c7c20403ad4cb3ff150f61f881a44cf7b1a999513b197d29a9a66eb1d?s=96&d=mm&r=g\",\"contentUrl\":\"https:\/\/secure.gravatar.com\/avatar\/1d0e4a0c7c20403ad4cb3ff150f61f881a44cf7b1a999513b197d29a9a66eb1d?s=96&d=mm&r=g\",\"caption\":\"Matias Mercado\"},\"sameAs\":[\"https:\/\/www.cocoa.group\/fr\",\"https:\/\/www.linkedin.com\/in\/matias-mercado\"],\"url\":\"https:\/\/chambrealfa.com\/es\/author\/cocoagroup\/\"}]}<\/script>\n<!-- \/ Yoast SEO plugin. -->","yoast_head_json":{"title":"Charla \u2013 ESCP R\u00e9publique - ALFA","robots":{"index":"index","follow":"follow","max-snippet":"max-snippet:-1","max-image-preview":"max-image-preview:large","max-video-preview":"max-video-preview:-1"},"canonical":"https:\/\/chambrealfa.com\/es\/charla-escp-republique-2\/","og_locale":"es_ES","og_type":"article","og_title":"Charla \u2013 ESCP R\u00e9publique - ALFA","og_description":"\"Argentina 2024: perspectivas econ\u00f3micas y oportunidades para el sector empresarial\"","og_url":"https:\/\/chambrealfa.com\/es\/charla-escp-republique-2\/","og_site_name":"ALFA","article_published_time":"2023-06-16T16:42:19+00:00","article_modified_time":"2023-07-10T16:46:34+00:00","og_image":[{"width":495,"height":400,"url":"https:\/\/chambrealfa.com\/wp-content\/uploads\/2023\/04\/Elizondo-portada.jpg","type":"image\/jpeg"}],"author":"Matias Mercado","twitter_card":"summary_large_image","twitter_misc":{"Escrito por":"Matias Mercado","Tiempo de lectura":"3 minutos"},"schema":{"@context":"https:\/\/schema.org","@graph":[{"@type":"Article","@id":"https:\/\/chambrealfa.com\/es\/charla-escp-republique-2\/#article","isPartOf":{"@id":"https:\/\/chambrealfa.com\/es\/charla-escp-republique-2\/"},"author":{"name":"Matias Mercado","@id":"https:\/\/chambrealfa.com\/es\/#\/schema\/person\/3b3e2b7a3b07e7a35ab7aa4ddcf4b5cf"},"headline":"Charla \u2013 ESCP R\u00e9publique","datePublished":"2023-06-16T16:42:19+00:00","dateModified":"2023-07-10T16:46:34+00:00","mainEntityOfPage":{"@id":"https:\/\/chambrealfa.com\/es\/charla-escp-republique-2\/"},"wordCount":1169,"image":{"@id":"https:\/\/chambrealfa.com\/es\/charla-escp-republique-2\/#primaryimage"},"thumbnailUrl":"https:\/\/chambrealfa.com\/wp-content\/uploads\/2023\/04\/Elizondo-portada.jpg","articleSection":["Actividades"],"inLanguage":"es"},{"@type":"WebPage","@id":"https:\/\/chambrealfa.com\/es\/charla-escp-republique-2\/","url":"https:\/\/chambrealfa.com\/es\/charla-escp-republique-2\/","name":"Charla \u2013 ESCP R\u00e9publique - ALFA","isPartOf":{"@id":"https:\/\/chambrealfa.com\/es\/#website"},"primaryImageOfPage":{"@id":"https:\/\/chambrealfa.com\/es\/charla-escp-republique-2\/#primaryimage"},"image":{"@id":"https:\/\/chambrealfa.com\/es\/charla-escp-republique-2\/#primaryimage"},"thumbnailUrl":"https:\/\/chambrealfa.com\/wp-content\/uploads\/2023\/04\/Elizondo-portada.jpg","datePublished":"2023-06-16T16:42:19+00:00","dateModified":"2023-07-10T16:46:34+00:00","author":{"@id":"https:\/\/chambrealfa.com\/es\/#\/schema\/person\/3b3e2b7a3b07e7a35ab7aa4ddcf4b5cf"},"breadcrumb":{"@id":"https:\/\/chambrealfa.com\/es\/charla-escp-republique-2\/#breadcrumb"},"inLanguage":"es","potentialAction":[{"@type":"ReadAction","target":["https:\/\/chambrealfa.com\/es\/charla-escp-republique-2\/"]}]},{"@type":"ImageObject","inLanguage":"es","@id":"https:\/\/chambrealfa.com\/es\/charla-escp-republique-2\/#primaryimage","url":"https:\/\/chambrealfa.com\/wp-content\/uploads\/2023\/04\/Elizondo-portada.jpg","contentUrl":"https:\/\/chambrealfa.com\/wp-content\/uploads\/2023\/04\/Elizondo-portada.jpg","width":495,"height":400},{"@type":"BreadcrumbList","@id":"https:\/\/chambrealfa.com\/es\/charla-escp-republique-2\/#breadcrumb","itemListElement":[{"@type":"ListItem","position":1,"name":"Portada","item":"https:\/\/chambrealfa.com\/es\/"},{"@type":"ListItem","position":2,"name":"Charla \u2013 ESCP R\u00e9publique"}]},{"@type":"WebSite","@id":"https:\/\/chambrealfa.com\/es\/#website","url":"https:\/\/chambrealfa.com\/es\/","name":"ALFA","description":"Business Forum Argentine France","potentialAction":[{"@type":"SearchAction","target":{"@type":"EntryPoint","urlTemplate":"https:\/\/chambrealfa.com\/es\/?s={search_term_string}"},"query-input":{"@type":"PropertyValueSpecification","valueRequired":true,"valueName":"search_term_string"}}],"inLanguage":"es"},{"@type":"Person","@id":"https:\/\/chambrealfa.com\/es\/#\/schema\/person\/3b3e2b7a3b07e7a35ab7aa4ddcf4b5cf","name":"Matias Mercado","image":{"@type":"ImageObject","inLanguage":"es","@id":"https:\/\/chambrealfa.com\/es\/#\/schema\/person\/image\/","url":"https:\/\/secure.gravatar.com\/avatar\/1d0e4a0c7c20403ad4cb3ff150f61f881a44cf7b1a999513b197d29a9a66eb1d?s=96&d=mm&r=g","contentUrl":"https:\/\/secure.gravatar.com\/avatar\/1d0e4a0c7c20403ad4cb3ff150f61f881a44cf7b1a999513b197d29a9a66eb1d?s=96&d=mm&r=g","caption":"Matias Mercado"},"sameAs":["https:\/\/www.cocoa.group\/fr","https:\/\/www.linkedin.com\/in\/matias-mercado"],"url":"https:\/\/chambrealfa.com\/es\/author\/cocoagroup\/"}]}},"publishpress_future_action":{"enabled":false,"date":"2026-05-07 09:00:39","action":"change-status","newStatus":"draft","terms":[],"taxonomy":"category","extraData":[]},"publishpress_future_workflow_manual_trigger":{"enabledWorkflows":[]},"_links":{"self":[{"href":"https:\/\/chambrealfa.com\/es\/wp-json\/wp\/v2\/posts\/1824","targetHints":{"allow":["GET"]}}],"collection":[{"href":"https:\/\/chambrealfa.com\/es\/wp-json\/wp\/v2\/posts"}],"about":[{"href":"https:\/\/chambrealfa.com\/es\/wp-json\/wp\/v2\/types\/post"}],"author":[{"embeddable":true,"href":"https:\/\/chambrealfa.com\/es\/wp-json\/wp\/v2\/users\/2"}],"replies":[{"embeddable":true,"href":"https:\/\/chambrealfa.com\/es\/wp-json\/wp\/v2\/comments?post=1824"}],"version-history":[{"count":2,"href":"https:\/\/chambrealfa.com\/es\/wp-json\/wp\/v2\/posts\/1824\/revisions"}],"predecessor-version":[{"id":1826,"href":"https:\/\/chambrealfa.com\/es\/wp-json\/wp\/v2\/posts\/1824\/revisions\/1826"}],"wp:featuredmedia":[{"embeddable":true,"href":"https:\/\/chambrealfa.com\/es\/wp-json\/wp\/v2\/media\/1832"}],"wp:attachment":[{"href":"https:\/\/chambrealfa.com\/es\/wp-json\/wp\/v2\/media?parent=1824"}],"wp:term":[{"taxonomy":"category","embeddable":true,"href":"https:\/\/chambrealfa.com\/es\/wp-json\/wp\/v2\/categories?post=1824"},{"taxonomy":"post_tag","embeddable":true,"href":"https:\/\/chambrealfa.com\/es\/wp-json\/wp\/v2\/tags?post=1824"}],"curies":[{"name":"wp","href":"https:\/\/api.w.org\/{rel}","templated":true}]}}